{"id":340727,"date":"2024-11-12T04:32:53","date_gmt":"2024-11-12T07:32:53","guid":{"rendered":"https:\/\/www.notibras.com\/site\/?p=340727"},"modified":"2024-11-12T04:32:53","modified_gmt":"2024-11-12T07:32:53","slug":"cleber-e-puxadinho-veve-corajoso-e-poli-prega-mudancas-pontuais","status":"publish","type":"post","link":"https:\/\/www.notibras.com\/site\/cleber-e-puxadinho-veve-corajoso-e-poli-prega-mudancas-pontuais\/","title":{"rendered":"Cl\u00e9ber \u00e9 puxadinho; Vev\u00e9, corajoso, e Poli prega mudan\u00e7as pontuais"},"content":{"rendered":"<p>A candidatura de Cl\u00e9ber Lopes \u00e0 presid\u00eancia da OAB em Bras\u00edlia levanta uma quest\u00e3o inevit\u00e1vel: ser\u00e1 que ele conseguir\u00e1 garantir a independ\u00eancia da Ordem? N\u00e3o \u00e9 preciso voltar muito no tempo para lembrar de situa\u00e7\u00f5es em que a proximidade entre dirigentes da Ordem e figuras pol\u00edticas influentes gerou s\u00e9rias d\u00favidas sobre a imparcialidade da institui\u00e7\u00e3o, ou, para empregar um termo jur\u00eddico, criou jurisprud\u00eancia condenat\u00f3ria.<\/p>\n<p>H\u00e1 precedentes, claro. Em 2009, Francisco Caputo, ent\u00e3o presidente da OAB do Distrito Federal, tamb\u00e9m era advogado pessoal do governador Jos\u00e9 Roberto Arruda, no auge do esc\u00e2ndalo do &#8220;Mensal\u00e3o do DEM&#8221;. A rela\u00e7\u00e3o pr\u00f3xima entre Caputo e Arruda foi suficiente para gerar desconfian\u00e7a sobre a atua\u00e7\u00e3o da Ordem, que foi criticada por sua postura discreta durante o processo de impeachment. A d\u00favida pairava no ar: a quem Caputo realmente representava?<\/p>\n<p>Esse epis\u00f3dio deixou uma marca indel\u00e9vel na hist\u00f3ria da OAB-DF, refor\u00e7ando o temor de que v\u00ednculos pessoais possam comprometer a isen\u00e7\u00e3o necess\u00e1ria para liderar uma entidade t\u00e3o importante.<\/p>\n<p><strong>Candidatura questionada<\/strong><br \/>\nCl\u00e9ber Lopes segue uma trajet\u00f3ria que inevitavelmente provoca compara\u00e7\u00f5es. Ele \u00e9 advogado pessoal do governador Ibaneis Rocha, ex-presidente da OAB local, e conta com seu apoio expl\u00edcito na disputa. Embora isso, por si s\u00f3, n\u00e3o desqualifique sua candidatura, \u00e9 suficiente para lan\u00e7ar uma sombra de d\u00favida sobre sua capacidade de manter a institui\u00e7\u00e3o distante das influ\u00eancias pol\u00edticas.<\/p>\n<p>Advers\u00e1rios de Cl\u00e9ber perguntam, com um tom pra l\u00e1 de justo que ecoa em grupos de WhatsApp, se o candidato &#8216;do Buriti&#8217; ter\u00e1 a autonomia necess\u00e1ria para enfrentar o governo, se for o caso, ou para defender a advocacia sem receios? Sua proximidade com Ibaneis \u00e9 um fator que n\u00e3o pode ser ignorado e levanta quest\u00f5es leg\u00edtimas sobre at\u00e9 que ponto a independ\u00eancia da Ordem poder\u00e1 ser garantida sob sua eventual (mesmo que com chances m\u00ednimas) gest\u00e3o.<\/p>\n<p><strong>Falta confian\u00e7a<\/strong><br \/>\nMais do que uma amea\u00e7a, a candidatura de Cl\u00e9ber representa um grande ponto de interroga\u00e7\u00e3o. A advocacia da capital da Rep\u00fablica, avaliam os advogados, precisa de uma lideran\u00e7a que inspire confian\u00e7a e que, acima de tudo, seja capaz de demonstrar, na pr\u00e1tica, seu compromisso com a classe e com a sociedade.<\/p>\n<p>A experi\u00eancia de Caputo deve servir como alerta: a independ\u00eancia n\u00e3o \u00e9 apenas uma quest\u00e3o de discursos, mas de atitudes concretas. Cl\u00e9ber Lopes ter\u00e1 de provar (o que se mostra pouco prov\u00e1vel) que em caso de vit\u00f3ria poder\u00e1 navegar por essas \u00e1guas turbulentas sem comprometer a credibilidade da Ordem.<\/p>\n<p>A hist\u00f3ria recente da OAB mostra que a independ\u00eancia \u00e9 um ativo precioso, mas vulner\u00e1vel. A candidatura de Cl\u00e9ber Lopes levanta quest\u00f5es que n\u00e3o podem ser ignoradas, mas que tamb\u00e9m s\u00f3 poder\u00e3o ser respondidas com o tempo. At\u00e9 l\u00e1, a advocacia e a sociedade devem permanecer vigilantes, cobrando uma gest\u00e3o que coloque os interesses da classe acima de qualquer influ\u00eancia pol\u00edtica.<\/p>\n<p>Em fun\u00e7\u00e3o desse quadro, \u00e9 cada vez maior a converg\u00eancia em dire\u00e7\u00e3o a Everardo <em>Vev\u00e9<\/em> Gueiros e Paulo <em>Poli<\/em> Maur\u00edcio. Enquanto um entende que \u00e9 preciso coragem para mudar, outro preconiza a continuidade, embora com ajustes aqui e ali.<\/p>\n","protected":false},"excerpt":{"rendered":"<p>A candidatura de Cl\u00e9ber Lopes \u00e0 presid\u00eancia da OAB em Bras\u00edlia levanta uma quest\u00e3o inevit\u00e1vel: ser\u00e1 que ele conseguir\u00e1 garantir a independ\u00eancia da Ordem? N\u00e3o \u00e9 preciso voltar muito no tempo para lembrar de situa\u00e7\u00f5es em que a proximidade entre dirigentes da Ordem e figuras pol\u00edticas influentes gerou s\u00e9rias d\u00favidas sobre a imparcialidade da institui\u00e7\u00e3o, [&hellip;]<\/p>\n","protected":false},"author":2,"featured_media":336104,"comment_status":"closed","ping_status":"closed","sticky":false,"template":"","format":"standard","meta":{"_acf_changed":false,"footnotes":""},"categories":[161],"tags":[],"class_list":["post-340727","post","type-post","status-publish","format-standard","has-post-thumbnail","hentry","category-quadradinho-em-foco"],"acf":[],"_links":{"self":[{"href":"https:\/\/www.notibras.com\/site\/wp-json\/wp\/v2\/posts\/340727","targetHints":{"allow":["GET"]}}],"collection":[{"href":"https:\/\/www.notibras.com\/site\/wp-json\/wp\/v2\/posts"}],"about":[{"href":"https:\/\/www.notibras.com\/site\/wp-json\/wp\/v2\/types\/post"}],"author":[{"embeddable":true,"href":"https:\/\/www.notibras.com\/site\/wp-json\/wp\/v2\/users\/2"}],"replies":[{"embeddable":true,"href":"https:\/\/www.notibras.com\/site\/wp-json\/wp\/v2\/comments?post=340727"}],"version-history":[{"count":1,"href":"https:\/\/www.notibras.com\/site\/wp-json\/wp\/v2\/posts\/340727\/revisions"}],"predecessor-version":[{"id":340728,"href":"https:\/\/www.notibras.com\/site\/wp-json\/wp\/v2\/posts\/340727\/revisions\/340728"}],"wp:featuredmedia":[{"embeddable":true,"href":"https:\/\/www.notibras.com\/site\/wp-json\/wp\/v2\/media\/336104"}],"wp:attachment":[{"href":"https:\/\/www.notibras.com\/site\/wp-json\/wp\/v2\/media?parent=340727"}],"wp:term":[{"taxonomy":"category","embeddable":true,"href":"https:\/\/www.notibras.com\/site\/wp-json\/wp\/v2\/categories?post=340727"},{"taxonomy":"post_tag","embeddable":true,"href":"https:\/\/www.notibras.com\/site\/wp-json\/wp\/v2\/tags?post=340727"}],"curies":[{"name":"wp","href":"https:\/\/api.w.org\/{rel}","templated":true}]}}