{"id":340759,"date":"2024-11-12T00:01:01","date_gmt":"2024-11-12T03:01:01","guid":{"rendered":"https:\/\/www.notibras.com\/site\/?p=340759"},"modified":"2024-11-12T06:46:39","modified_gmt":"2024-11-12T09:46:39","slug":"agentes-da-15a-prendem-rapaz-que-esfaqueou-moca-em-saida-de-bar","status":"publish","type":"post","link":"https:\/\/www.notibras.com\/site\/agentes-da-15a-prendem-rapaz-que-esfaqueou-moca-em-saida-de-bar\/","title":{"rendered":"Agentes da 15\u00aa prendem rapaz que esfaqueou mo\u00e7a em sa\u00edda de bar"},"content":{"rendered":"<p>Agentes da 15\u00aa DP, em Cil\u00e2ndia, prenderam de forma preventiva um homem de 20 anos de idade, investigado por tentar matar uma mulher de 32 anos de idade. A pris\u00e3o se deu na opera\u00e7\u00e3o Little Tooth.<\/p>\n<p>Segundo apurado, o autor e a v\u00edtima iniciaram uma discuss\u00e3o com inj\u00farias rec\u00edprocas, fato ocorrido em uma distribuidora de bebidas. Tudo foi registrado por c\u00e2meras de seguran\u00e7a.<\/p>\n<p>Em dado momento a v\u00edtima saiu do local, tendo o homem corrido em dire\u00e7\u00e3o a ela e a atingindo, quando esta ainda se encontrava de costas, com uma facada na altura de seu abdomem.<\/p>\n<p>Ao perceber a a\u00e7\u00e3o criminosa, o companheiro da v\u00edtima interveio e conseguiu impedir outros golpes de faca.<\/p>\n<p>Em seguida o autor se evadiu, tendo a v\u00edtima sido socorrida ao HRC, onde foi imediatamente atendida e passou por uma interven\u00e7\u00e3o cir\u00fargica. O suspeito de tentativa de assassinato responde a outros dois inqu\u00e9ritos policiais. O suposto criminoso se encontrava em liberdade provis\u00f3ria.<\/p>\n","protected":false},"excerpt":{"rendered":"<p>Agentes da 15\u00aa DP, em Cil\u00e2ndia, prenderam de forma preventiva um homem de 20 anos de idade, investigado por tentar matar uma mulher de 32 anos de idade. A pris\u00e3o se deu na opera\u00e7\u00e3o Little Tooth. Segundo apurado, o autor e a v\u00edtima iniciaram uma discuss\u00e3o com inj\u00farias rec\u00edprocas, fato ocorrido em uma distribuidora de [&hellip;]<\/p>\n","protected":false},"author":2,"featured_media":340760,"comment_status":"closed","ping_status":"closed","sticky":false,"template":"","format":"standard","meta":{"_acf_changed":false,"footnotes":""},"categories":[161],"tags":[],"class_list":["post-340759","post","type-post","status-publish","format-standard","has-post-thumbnail","hentry","category-quadradinho-em-foco"],"acf":[],"_links":{"self":[{"href":"https:\/\/www.notibras.com\/site\/wp-json\/wp\/v2\/posts\/340759","targetHints":{"allow":["GET"]}}],"collection":[{"href":"https:\/\/www.notibras.com\/site\/wp-json\/wp\/v2\/posts"}],"about":[{"href":"https:\/\/www.notibras.com\/site\/wp-json\/wp\/v2\/types\/post"}],"author":[{"embeddable":true,"href":"https:\/\/www.notibras.com\/site\/wp-json\/wp\/v2\/users\/2"}],"replies":[{"embeddable":true,"href":"https:\/\/www.notibras.com\/site\/wp-json\/wp\/v2\/comments?post=340759"}],"version-history":[{"count":1,"href":"https:\/\/www.notibras.com\/site\/wp-json\/wp\/v2\/posts\/340759\/revisions"}],"predecessor-version":[{"id":340761,"href":"https:\/\/www.notibras.com\/site\/wp-json\/wp\/v2\/posts\/340759\/revisions\/340761"}],"wp:featuredmedia":[{"embeddable":true,"href":"https:\/\/www.notibras.com\/site\/wp-json\/wp\/v2\/media\/340760"}],"wp:attachment":[{"href":"https:\/\/www.notibras.com\/site\/wp-json\/wp\/v2\/media?parent=340759"}],"wp:term":[{"taxonomy":"category","embeddable":true,"href":"https:\/\/www.notibras.com\/site\/wp-json\/wp\/v2\/categories?post=340759"},{"taxonomy":"post_tag","embeddable":true,"href":"https:\/\/www.notibras.com\/site\/wp-json\/wp\/v2\/tags?post=340759"}],"curies":[{"name":"wp","href":"https:\/\/api.w.org\/{rel}","templated":true}]}}