{"id":340770,"date":"2024-11-12T00:00:16","date_gmt":"2024-11-12T03:00:16","guid":{"rendered":"https:\/\/www.notibras.com\/site\/?p=340770"},"modified":"2024-11-12T07:19:52","modified_gmt":"2024-11-12T10:19:52","slug":"plantio-de-1-mil-850-mudas-renova-a-paisagem-da-helio-prates","status":"publish","type":"post","link":"https:\/\/www.notibras.com\/site\/plantio-de-1-mil-850-mudas-renova-a-paisagem-da-helio-prates\/","title":{"rendered":"Plantio de 1 mil 850 mudas renova a paisagem da H\u00e9lio Prates"},"content":{"rendered":"<p>Quem passa por Taguatinga pode notar uma nova paisagem se formando ao longo da Avenida H\u00e9lio Prates, com a presen\u00e7a de palmeiras e a implanta\u00e7\u00e3o de canteiros centrais. A iniciativa \u00e9 parte do projeto de paisagismo do Governo do Distrito Federal (GDF), que iniciou o plantio de 1.850 mudas ao longo do trecho entre o Pist\u00e3o Norte e a Avenida Samdu, uma das principais avenidas comerciais da cidade.<\/p>\n<p>Al\u00e9m da est\u00e9tica, o verde traz mais qualidade de vida para a regi\u00e3o. \u201c\u00c9 importante ter \u00e1rvores para diminuir o calor, proporcionar sombra e trazer mais harmonia para a cidade\u201d, comenta F\u00e1tima Alves Matos, 64 anos, moradora de Taguatinga h\u00e1 mais de 15 anos. \u201cQuando arrancaram as \u00e1rvores, eu fiquei chateada, mas com o novo plantio fiquei animada. Est\u00e1 ficando tudo muito bonito.\u201d<\/p>\n<p>O GDF investe mais de R$354 mil para o paisagismo na regi\u00e3o, executado por empresa contratada pela Secretaria de Obras e Infraestrutura do Distrito Federal (SODF), com o contrato de nove meses \u2013 tr\u00eas para plantio e seis para conserva\u00e7\u00e3o. Para o administrador de Taguatinga, Renato Andrade dos Santos, a iniciativa \u00e9 um complemento das obras realizadas na H\u00e9lio Prates. \u201cA a\u00e7\u00e3o ajuda a trazer uma est\u00e9tica diferente para nossa cidade. \u00c9 uma jun\u00e7\u00e3o com as grandes obras que o governador Ibaneis fez na H\u00e9lio Prates. Foi exatamente para trazer o conjunto da obra completa\u201d, descreve.<\/p>\n<p><strong>Preserva\u00e7\u00e3o e sustentabilidade<\/strong><br \/>\nO administrador refor\u00e7a a import\u00e2ncia da arboriza\u00e7\u00e3o para o bem-estar local, especialmente em um contexto de mudan\u00e7as clim\u00e1ticas: \u201cTrazer mais verde para a cidade \u00e9 fundamental,\u201d ressalta o administrador regional. \u201cCom a rede de parques e \u00e1reas verdes de Taguatinga, \u00e9 natural que o paisagismo acompanhe as obras da regi\u00e3o.\u201d<\/p>\n<p>Segundo Let\u00edcia Gomes, engenheira agr\u00f4noma da Novacap, o projeto conta com 3.332 m\u00b2 de grama do tipo batatais e esp\u00e9cies adaptadas ao clima da cidade, como palmeiras guariroba e jeriv\u00e1, al\u00e9m de alamandas e canna. \u201cEscolhemos esp\u00e9cies mais resistentes \u00e0 seca, que causam menos impacto ambiental,\u201d explica Let\u00edcia.<\/p>\n","protected":false},"excerpt":{"rendered":"<p>Quem passa por Taguatinga pode notar uma nova paisagem se formando ao longo da Avenida H\u00e9lio Prates, com a presen\u00e7a de palmeiras e a implanta\u00e7\u00e3o de canteiros centrais. A iniciativa \u00e9 parte do projeto de paisagismo do Governo do Distrito Federal (GDF), que iniciou o plantio de 1.850 mudas ao longo do trecho entre o [&hellip;]<\/p>\n","protected":false},"author":2,"featured_media":340771,"comment_status":"closed","ping_status":"closed","sticky":false,"template":"","format":"standard","meta":{"_acf_changed":false,"footnotes":""},"categories":[161],"tags":[],"class_list":["post-340770","post","type-post","status-publish","format-standard","has-post-thumbnail","hentry","category-quadradinho-em-foco"],"acf":[],"_links":{"self":[{"href":"https:\/\/www.notibras.com\/site\/wp-json\/wp\/v2\/posts\/340770","targetHints":{"allow":["GET"]}}],"collection":[{"href":"https:\/\/www.notibras.com\/site\/wp-json\/wp\/v2\/posts"}],"about":[{"href":"https:\/\/www.notibras.com\/site\/wp-json\/wp\/v2\/types\/post"}],"author":[{"embeddable":true,"href":"https:\/\/www.notibras.com\/site\/wp-json\/wp\/v2\/users\/2"}],"replies":[{"embeddable":true,"href":"https:\/\/www.notibras.com\/site\/wp-json\/wp\/v2\/comments?post=340770"}],"version-history":[{"count":1,"href":"https:\/\/www.notibras.com\/site\/wp-json\/wp\/v2\/posts\/340770\/revisions"}],"predecessor-version":[{"id":340772,"href":"https:\/\/www.notibras.com\/site\/wp-json\/wp\/v2\/posts\/340770\/revisions\/340772"}],"wp:featuredmedia":[{"embeddable":true,"href":"https:\/\/www.notibras.com\/site\/wp-json\/wp\/v2\/media\/340771"}],"wp:attachment":[{"href":"https:\/\/www.notibras.com\/site\/wp-json\/wp\/v2\/media?parent=340770"}],"wp:term":[{"taxonomy":"category","embeddable":true,"href":"https:\/\/www.notibras.com\/site\/wp-json\/wp\/v2\/categories?post=340770"},{"taxonomy":"post_tag","embeddable":true,"href":"https:\/\/www.notibras.com\/site\/wp-json\/wp\/v2\/tags?post=340770"}],"curies":[{"name":"wp","href":"https:\/\/api.w.org\/{rel}","templated":true}]}}