{"id":340773,"date":"2024-11-12T00:00:15","date_gmt":"2024-11-12T03:00:15","guid":{"rendered":"https:\/\/www.notibras.com\/site\/?p=340773"},"modified":"2024-11-12T07:26:01","modified_gmt":"2024-11-12T10:26:01","slug":"alunos-capacitados-para-atuar-no-combate-a-violencia-contra-mulher","status":"publish","type":"post","link":"https:\/\/www.notibras.com\/site\/alunos-capacitados-para-atuar-no-combate-a-violencia-contra-mulher\/","title":{"rendered":"Alunos capacitados para atuar no combate \u00e0 viol\u00eancia contra mulher"},"content":{"rendered":"<p>A Secretaria da Mulher certificou 400 alunos do ensino m\u00e9dio do Col\u00e9gio CCI, em Samambaia, como parte do Programa de Preven\u00e7\u00e3o \u00e0 Viol\u00eancia Dom\u00e9stica (PPV). A cerim\u00f4nia tamb\u00e9m marcou a assinatura de um acordo de coopera\u00e7\u00e3o entre a SMDF e o Sindicato dos Estabelecimentos de Ensino Particulares do Distrito Federal, que visa expandir o projeto para mais escolas da rede privada, ampliando o alcance do programa e fortalecendo a preven\u00e7\u00e3o e a educa\u00e7\u00e3o sobre viol\u00eancia dom\u00e9stica.<\/p>\n<p>O PPV, desenvolvido pela Assessoria Especial de Pol\u00edticas P\u00fablicas para Homens (Assesph), busca conscientizar os jovens sobre a import\u00e2ncia do combate \u00e0 viol\u00eancia dom\u00e9stica, especialmente contra a mulher, e promover uma sociedade mais segura e igualit\u00e1ria. Durante o programa, os alunos participaram de oficinas tem\u00e1ticas que abordaram quest\u00f5es como formas de viol\u00eancia contra a mulher, Lei Maria da Penha, tipos de diversidade e o papel do homem no combate \u00e0 viol\u00eancia dom\u00e9stica.<\/p>\n<p>A secret\u00e1ria da Mulher, Giselle Ferreira, destacou a import\u00e2ncia do PPV e da parceria firmada para formar uma gera\u00e7\u00e3o mais consciente e ativa contra a viol\u00eancia. \u201cA educa\u00e7\u00e3o \u00e9 o primeiro passo para construirmos uma sociedade livre de viol\u00eancia. Precisamos contar com os jovens na transforma\u00e7\u00e3o da cultura machista. Estamos levando para eles a mensagem de que, em \u2018briga de marido e mulher\u2019, n\u00f3s salvamos a mulher e \u00e9 preciso estar atento aos sinais da viol\u00eancia\u201d, afirmou Giselle. \u201cCom essa parceria, levaremos esse trabalho a mais escolas, alcan\u00e7ando um n\u00famero maior de jovens que, cada vez mais conscientes, entender\u00e3o o seu papel no combate \u00e0 viol\u00eancia, especialmente contra as mulheres\u201d, completou a secret\u00e1ria.<\/p>\n<p>Os alunos puderam, al\u00e9m de se informar, trocar viv\u00eancias e aprender sobre a import\u00e2ncia da solu\u00e7\u00e3o pac\u00edfica de conflitos, compreendendo que essa abordagem \u00e9 a base para a transforma\u00e7\u00e3o de toda a sociedade. Para o aluno Arthur Fernando Spigolon Nery, a experi\u00eancia foi marcante: \u201cAprender sobre esses temas abriu nossos olhos para situa\u00e7\u00f5es que muitas vezes passam despercebidas. Os professores passaram pra gente como a mulher \u00e9 um dos pilares da nossa sociedade. E que tudo come\u00e7a com o respeito. E n\u00f3s podemos, sim, fazer a diferen\u00e7a e ajudar a combater a viol\u00eancia em nosso dia a dia\u201d, disse Arthur.<\/p>\n<p><strong>Acordo de coopera\u00e7\u00e3o<\/strong><br \/>\nPara alcan\u00e7ar ainda mais jovens, o acordo coopera\u00e7\u00e3o assinado tem como principal objetivo expandir o PPV para outras escolas da rede privada, fortalecendo a preven\u00e7\u00e3o e a educa\u00e7\u00e3o sobre viol\u00eancia dom\u00e9stica.<\/p>\n<p>Ana Elisa Dumont, representante do Sindicato dos Estabelecimentos de Ensino Particulares do DF, enfatizou a import\u00e2ncia da parceria. \u201cA iniciativa desse acordo de coopera\u00e7\u00e3o surge de uma conversa com a Secretaria da Mulher com o objetivo de promover a preven\u00e7\u00e3o. Queremos que os estudantes compreendam o que \u00e9 viol\u00eancia, o que caracteriza a viol\u00eancia dom\u00e9stica, como ela pode ser prevenida e evitada, e a import\u00e2ncia das rela\u00e7\u00f5es familiares e das rela\u00e7\u00f5es que eles estabelecem com outras pessoas\u201d, explicou Ana Elisa.<\/p>\n<p>A certifica\u00e7\u00e3o dos estudantes e o acordo firmado representam um importante avan\u00e7o na dissemina\u00e7\u00e3o de valores de respeito e igualdade, refor\u00e7ando o compromisso da Secretaria da Mulher com a preven\u00e7\u00e3o e o empenho em transformar o Distrito Federal em um lugar mais seguro e acolhedor para todas as mulheres.<\/p>\n","protected":false},"excerpt":{"rendered":"<p>A Secretaria da Mulher certificou 400 alunos do ensino m\u00e9dio do Col\u00e9gio CCI, em Samambaia, como parte do Programa de Preven\u00e7\u00e3o \u00e0 Viol\u00eancia Dom\u00e9stica (PPV). A cerim\u00f4nia tamb\u00e9m marcou a assinatura de um acordo de coopera\u00e7\u00e3o entre a SMDF e o Sindicato dos Estabelecimentos de Ensino Particulares do Distrito Federal, que visa expandir o projeto [&hellip;]<\/p>\n","protected":false},"author":2,"featured_media":340774,"comment_status":"closed","ping_status":"closed","sticky":false,"template":"","format":"standard","meta":{"_acf_changed":false,"footnotes":""},"categories":[161],"tags":[],"class_list":["post-340773","post","type-post","status-publish","format-standard","has-post-thumbnail","hentry","category-quadradinho-em-foco"],"acf":[],"_links":{"self":[{"href":"https:\/\/www.notibras.com\/site\/wp-json\/wp\/v2\/posts\/340773","targetHints":{"allow":["GET"]}}],"collection":[{"href":"https:\/\/www.notibras.com\/site\/wp-json\/wp\/v2\/posts"}],"about":[{"href":"https:\/\/www.notibras.com\/site\/wp-json\/wp\/v2\/types\/post"}],"author":[{"embeddable":true,"href":"https:\/\/www.notibras.com\/site\/wp-json\/wp\/v2\/users\/2"}],"replies":[{"embeddable":true,"href":"https:\/\/www.notibras.com\/site\/wp-json\/wp\/v2\/comments?post=340773"}],"version-history":[{"count":1,"href":"https:\/\/www.notibras.com\/site\/wp-json\/wp\/v2\/posts\/340773\/revisions"}],"predecessor-version":[{"id":340775,"href":"https:\/\/www.notibras.com\/site\/wp-json\/wp\/v2\/posts\/340773\/revisions\/340775"}],"wp:featuredmedia":[{"embeddable":true,"href":"https:\/\/www.notibras.com\/site\/wp-json\/wp\/v2\/media\/340774"}],"wp:attachment":[{"href":"https:\/\/www.notibras.com\/site\/wp-json\/wp\/v2\/media?parent=340773"}],"wp:term":[{"taxonomy":"category","embeddable":true,"href":"https:\/\/www.notibras.com\/site\/wp-json\/wp\/v2\/categories?post=340773"},{"taxonomy":"post_tag","embeddable":true,"href":"https:\/\/www.notibras.com\/site\/wp-json\/wp\/v2\/tags?post=340773"}],"curies":[{"name":"wp","href":"https:\/\/api.w.org\/{rel}","templated":true}]}}