{"id":34080,"date":"2015-01-15T10:02:39","date_gmt":"2015-01-15T13:02:39","guid":{"rendered":"http:\/\/www.notibras.com\/site\/?p=34080"},"modified":"2015-01-15T16:04:58","modified_gmt":"2015-01-15T19:04:58","slug":"traficante-brasileiro-condenado-na-indonesia-sera-fuzilado-no-sabado-17","status":"publish","type":"post","link":"https:\/\/www.notibras.com\/site\/traficante-brasileiro-condenado-na-indonesia-sera-fuzilado-no-sabado-17\/","title":{"rendered":"Indon\u00e9sia decide fuzilar traficante brasileiro s\u00e1bado"},"content":{"rendered":"<p>Preso desde 2003 e condenado no ano seguinte por porte de drogas, o brasileiro Marco Archer Cardoso Moreira, 53 anos, ser\u00e1 executado na Indon\u00e9sia no pr\u00f3ximo s\u00e1bado, segundo informou a Procuradoria-Geral do pa\u00eds.<\/p>\n<p>Tanto o brasileiro quanto o Itamaraty j\u00e1 foram informados sobre a data de execu\u00e7\u00e3o. O brasileiro ser\u00e1 morto por fuzilamento no s\u00e1bado \u00e0 noite, no hor\u00e1rio de Bras\u00edlia.<\/p>\n<p>O governo da Indon\u00e9sia, liderado pelo presidente linha-dura, Joko Widodo, negou pedido de clem\u00eancia feito pelas autoridades brasileiras.<\/p>\n<p>Segundo a ag\u00eancia Ansa, somente um pedido direto da presidente Dilma Rousseff a Widodo poderia contornar a situa\u00e7\u00e3o. No entanto, a Indon\u00e9sia n\u00e3o estaria respondendo as tentativas de contato feitas pelo Brasil<\/p>\n<blockquote><p>O brasileiro foi preso no pa\u00eds asi\u00e1tico com 13,4 kg de coca\u00edna escondidos dentro de tubos de um asa-delta. Marco pediu por duas vezes para ser liberado, mas o governo indon\u00e9sio n\u00e3o aceitou os pedidos.<\/p><\/blockquote>\n<p>Caso seja realmente executado, Moreira ser\u00e1 o primeiro brasileiro executado no exterior. Na Indon\u00e9sia, h\u00e1 outro cidad\u00e3o do pa\u00eds condenado a morte por tr\u00e1fico de drogas, o paranaense Rodrigo Muxfeldt Gularte.<\/p>\n","protected":false},"excerpt":{"rendered":"<p>Preso desde 2003 e condenado no ano seguinte por porte de drogas, o brasileiro Marco Archer Cardoso Moreira, 53 anos, ser\u00e1 executado na Indon\u00e9sia no pr\u00f3ximo s\u00e1bado, segundo informou a Procuradoria-Geral do pa\u00eds. Tanto o brasileiro quanto o Itamaraty j\u00e1 foram informados sobre a data de execu\u00e7\u00e3o. O brasileiro ser\u00e1 morto por fuzilamento no s\u00e1bado [&hellip;]<\/p>\n","protected":false},"author":2,"featured_media":34082,"comment_status":"open","ping_status":"closed","sticky":false,"template":"","format":"standard","meta":{"_acf_changed":false,"footnotes":""},"categories":[16],"tags":[],"class_list":["post-34080","post","type-post","status-publish","format-standard","has-post-thumbnail","hentry","category-brasil"],"acf":[],"yoast_head":"<!-- This site is optimized with the Yoast SEO plugin v27.2 - https:\/\/yoast.com\/product\/yoast-seo-wordpress\/ -->\n<title>Indon\u00e9sia decide fuzilar traficante brasileiro s\u00e1bado - Notibras<\/title>\n<meta name=\"robots\" content=\"index, follow, max-snippet:-1, max-image-preview:large, max-video-preview:-1\" \/>\n<link rel=\"canonical\" href=\"https:\/\/www.notibras.com\/site\/traficante-brasileiro-condenado-na-indonesia-sera-fuzilado-no-sabado-17\/\" \/>\n<meta property=\"og:locale\" content=\"pt_BR\" \/>\n<meta property=\"og:type\" content=\"article\" \/>\n<meta property=\"og:title\" content=\"Indon\u00e9sia decide fuzilar traficante brasileiro s\u00e1bado - Notibras\" \/>\n<meta property=\"og:description\" content=\"Preso desde 2003 e condenado no ano seguinte por porte de drogas, o brasileiro Marco Archer Cardoso Moreira, 53 anos, ser\u00e1 executado na Indon\u00e9sia no pr\u00f3ximo s\u00e1bado, segundo informou a Procuradoria-Geral do pa\u00eds. Tanto o brasileiro quanto o Itamaraty j\u00e1 foram informados sobre a data de execu\u00e7\u00e3o. O brasileiro ser\u00e1 morto por fuzilamento no s\u00e1bado [&hellip;]\" \/>\n<meta property=\"og:url\" content=\"https:\/\/www.notibras.com\/site\/traficante-brasileiro-condenado-na-indonesia-sera-fuzilado-no-sabado-17\/\" \/>\n<meta property=\"og:site_name\" content=\"Notibras\" \/>\n<meta property=\"article:publisher\" content=\"https:\/\/www.facebook.com\/notibras\/\" \/>\n<meta property=\"article:published_time\" content=\"2015-01-15T13:02:39+00:00\" \/>\n<meta property=\"article:modified_time\" content=\"2015-01-15T19:04:58+00:00\" \/>\n<meta property=\"og:image\" content=\"https:\/\/www.notibras.com\/site\/wp-content\/uploads\/2015\/01\/indonesiabrasileiroexecucaoafp.jpg\" \/>\n\t<meta property=\"og:image:width\" content=\"460\" \/>\n\t<meta property=\"og:image:height\" content=\"340\" \/>\n\t<meta property=\"og:image:type\" content=\"image\/jpeg\" \/>\n<meta name=\"author\" content=\"Reda\u00e7\u00e3o\" \/>\n<meta name=\"twitter:card\" content=\"summary_large_image\" \/>\n<meta name=\"twitter:creator\" content=\"@Notibras\" \/>\n<meta name=\"twitter:site\" content=\"@Notibras\" \/>\n<meta name=\"twitter:label1\" content=\"Escrito por\" \/>\n\t<meta name=\"twitter:data1\" content=\"Reda\u00e7\u00e3o\" \/>\n\t<meta name=\"twitter:label2\" content=\"Est. tempo de leitura\" \/>\n\t<meta name=\"twitter:data2\" content=\"1 minuto\" \/>\n<script type=\"application\/ld+json\" class=\"yoast-schema-graph\">{\"@context\":\"https:\/\/schema.org\",\"@graph\":[{\"@type\":\"Article\",\"@id\":\"https:\/\/www.notibras.com\/site\/traficante-brasileiro-condenado-na-indonesia-sera-fuzilado-no-sabado-17\/#article\",\"isPartOf\":{\"@id\":\"https:\/\/www.notibras.com\/site\/traficante-brasileiro-condenado-na-indonesia-sera-fuzilado-no-sabado-17\/\"},\"author\":{\"name\":\"Reda\u00e7\u00e3o\",\"@id\":\"https:\/\/www.notibras.com\/site\/#\/schema\/person\/36ab0979449956132d3e5b517ea76ac8\"},\"headline\":\"Indon\u00e9sia decide fuzilar traficante brasileiro s\u00e1bado\",\"datePublished\":\"2015-01-15T13:02:39+00:00\",\"dateModified\":\"2015-01-15T19:04:58+00:00\",\"mainEntityOfPage\":{\"@id\":\"https:\/\/www.notibras.com\/site\/traficante-brasileiro-condenado-na-indonesia-sera-fuzilado-no-sabado-17\/\"},\"wordCount\":204,\"commentCount\":0,\"publisher\":{\"@id\":\"https:\/\/www.notibras.com\/site\/#organization\"},\"image\":{\"@id\":\"https:\/\/www.notibras.com\/site\/traficante-brasileiro-condenado-na-indonesia-sera-fuzilado-no-sabado-17\/#primaryimage\"},\"thumbnailUrl\":\"https:\/\/www.notibras.com\/site\/wp-content\/uploads\/2015\/01\/indonesiabrasileiroexecucaoafp.jpg\",\"articleSection\":[\"Brasil\"],\"inLanguage\":\"pt-BR\",\"potentialAction\":[{\"@type\":\"CommentAction\",\"name\":\"Comment\",\"target\":[\"https:\/\/www.notibras.com\/site\/traficante-brasileiro-condenado-na-indonesia-sera-fuzilado-no-sabado-17\/#respond\"]}]},{\"@type\":\"WebPage\",\"@id\":\"https:\/\/www.notibras.com\/site\/traficante-brasileiro-condenado-na-indonesia-sera-fuzilado-no-sabado-17\/\",\"url\":\"https:\/\/www.notibras.com\/site\/traficante-brasileiro-condenado-na-indonesia-sera-fuzilado-no-sabado-17\/\",\"name\":\"Indon\u00e9sia decide fuzilar traficante brasileiro s\u00e1bado - Notibras\",\"isPartOf\":{\"@id\":\"https:\/\/www.notibras.com\/site\/#website\"},\"primaryImageOfPage\":{\"@id\":\"https:\/\/www.notibras.com\/site\/traficante-brasileiro-condenado-na-indonesia-sera-fuzilado-no-sabado-17\/#primaryimage\"},\"image\":{\"@id\":\"https:\/\/www.notibras.com\/site\/traficante-brasileiro-condenado-na-indonesia-sera-fuzilado-no-sabado-17\/#primaryimage\"},\"thumbnailUrl\":\"https:\/\/www.notibras.com\/site\/wp-content\/uploads\/2015\/01\/indonesiabrasileiroexecucaoafp.jpg\",\"datePublished\":\"2015-01-15T13:02:39+00:00\",\"dateModified\":\"2015-01-15T19:04:58+00:00\",\"breadcrumb\":{\"@id\":\"https:\/\/www.notibras.com\/site\/traficante-brasileiro-condenado-na-indonesia-sera-fuzilado-no-sabado-17\/#breadcrumb\"},\"inLanguage\":\"pt-BR\",\"potentialAction\":[{\"@type\":\"ReadAction\",\"target\":[\"https:\/\/www.notibras.com\/site\/traficante-brasileiro-condenado-na-indonesia-sera-fuzilado-no-sabado-17\/\"]}]},{\"@type\":\"ImageObject\",\"inLanguage\":\"pt-BR\",\"@id\":\"https:\/\/www.notibras.com\/site\/traficante-brasileiro-condenado-na-indonesia-sera-fuzilado-no-sabado-17\/#primaryimage\",\"url\":\"https:\/\/www.notibras.com\/site\/wp-content\/uploads\/2015\/01\/indonesiabrasileiroexecucaoafp.jpg\",\"contentUrl\":\"https:\/\/www.notibras.com\/site\/wp-content\/uploads\/2015\/01\/indonesiabrasileiroexecucaoafp.jpg\",\"width\":460,\"height\":340},{\"@type\":\"BreadcrumbList\",\"@id\":\"https:\/\/www.notibras.com\/site\/traficante-brasileiro-condenado-na-indonesia-sera-fuzilado-no-sabado-17\/#breadcrumb\",\"itemListElement\":[{\"@type\":\"ListItem\",\"position\":1,\"name\":\"In\u00edcio\",\"item\":\"https:\/\/www.notibras.com\/site\/\"},{\"@type\":\"ListItem\",\"position\":2,\"name\":\"Indon\u00e9sia decide fuzilar traficante brasileiro s\u00e1bado\"}]},{\"@type\":\"WebSite\",\"@id\":\"https:\/\/www.notibras.com\/site\/#website\",\"url\":\"https:\/\/www.notibras.com\/site\/\",\"name\":\"Notibras\",\"description\":\"Not\u00edcias de Bras\u00edlia, do Brasil e do Mundo\",\"publisher\":{\"@id\":\"https:\/\/www.notibras.com\/site\/#organization\"},\"potentialAction\":[{\"@type\":\"SearchAction\",\"target\":{\"@type\":\"EntryPoint\",\"urlTemplate\":\"https:\/\/www.notibras.com\/site\/?s={search_term_string}\"},\"query-input\":{\"@type\":\"PropertyValueSpecification\",\"valueRequired\":true,\"valueName\":\"search_term_string\"}}],\"inLanguage\":\"pt-BR\"},{\"@type\":\"Organization\",\"@id\":\"https:\/\/www.notibras.com\/site\/#organization\",\"name\":\"Grupo Notibras de Comunica\u00e7\u00e3o\",\"url\":\"https:\/\/www.notibras.com\/site\/\",\"logo\":{\"@type\":\"ImageObject\",\"inLanguage\":\"pt-BR\",\"@id\":\"https:\/\/www.notibras.com\/site\/#\/schema\/logo\/image\/\",\"url\":\"https:\/\/www.notibras.com\/site\/wp-content\/uploads\/2023\/01\/notibras23.png\",\"contentUrl\":\"https:\/\/www.notibras.com\/site\/wp-content\/uploads\/2023\/01\/notibras23.png\",\"width\":350,\"height\":87,\"caption\":\"Grupo Notibras de Comunica\u00e7\u00e3o\"},\"image\":{\"@id\":\"https:\/\/www.notibras.com\/site\/#\/schema\/logo\/image\/\"},\"sameAs\":[\"https:\/\/www.facebook.com\/notibras\/\",\"https:\/\/x.com\/Notibras\",\"https:\/\/www.instagram.com\/notibras\/\"]},{\"@type\":\"Person\",\"@id\":\"https:\/\/www.notibras.com\/site\/#\/schema\/person\/36ab0979449956132d3e5b517ea76ac8\",\"name\":\"Reda\u00e7\u00e3o\",\"image\":{\"@type\":\"ImageObject\",\"inLanguage\":\"pt-BR\",\"@id\":\"https:\/\/secure.gravatar.com\/avatar\/e0a867bdedb85fd243eadf09663511f96fc81e0720a4a42581f334ad4303aa6b?s=96&d=mm&r=g\",\"url\":\"https:\/\/secure.gravatar.com\/avatar\/e0a867bdedb85fd243eadf09663511f96fc81e0720a4a42581f334ad4303aa6b?s=96&d=mm&r=g\",\"contentUrl\":\"https:\/\/secure.gravatar.com\/avatar\/e0a867bdedb85fd243eadf09663511f96fc81e0720a4a42581f334ad4303aa6b?s=96&d=mm&r=g\",\"caption\":\"Reda\u00e7\u00e3o\"}}]}<\/script>\n<!-- \/ Yoast SEO plugin. -->","yoast_head_json":{"title":"Indon\u00e9sia decide fuzilar traficante brasileiro s\u00e1bado - Notibras","robots":{"index":"index","follow":"follow","max-snippet":"max-snippet:-1","max-image-preview":"max-image-preview:large","max-video-preview":"max-video-preview:-1"},"canonical":"https:\/\/www.notibras.com\/site\/traficante-brasileiro-condenado-na-indonesia-sera-fuzilado-no-sabado-17\/","og_locale":"pt_BR","og_type":"article","og_title":"Indon\u00e9sia decide fuzilar traficante brasileiro s\u00e1bado - Notibras","og_description":"Preso desde 2003 e condenado no ano seguinte por porte de drogas, o brasileiro Marco Archer Cardoso Moreira, 53 anos, ser\u00e1 executado na Indon\u00e9sia no pr\u00f3ximo s\u00e1bado, segundo informou a Procuradoria-Geral do pa\u00eds. Tanto o brasileiro quanto o Itamaraty j\u00e1 foram informados sobre a data de execu\u00e7\u00e3o. O brasileiro ser\u00e1 morto por fuzilamento no s\u00e1bado [&hellip;]","og_url":"https:\/\/www.notibras.com\/site\/traficante-brasileiro-condenado-na-indonesia-sera-fuzilado-no-sabado-17\/","og_site_name":"Notibras","article_publisher":"https:\/\/www.facebook.com\/notibras\/","article_published_time":"2015-01-15T13:02:39+00:00","article_modified_time":"2015-01-15T19:04:58+00:00","og_image":[{"width":460,"height":340,"url":"https:\/\/www.notibras.com\/site\/wp-content\/uploads\/2015\/01\/indonesiabrasileiroexecucaoafp.jpg","type":"image\/jpeg"}],"author":"Reda\u00e7\u00e3o","twitter_card":"summary_large_image","twitter_creator":"@Notibras","twitter_site":"@Notibras","twitter_misc":{"Escrito por":"Reda\u00e7\u00e3o","Est. tempo de leitura":"1 minuto"},"schema":{"@context":"https:\/\/schema.org","@graph":[{"@type":"Article","@id":"https:\/\/www.notibras.com\/site\/traficante-brasileiro-condenado-na-indonesia-sera-fuzilado-no-sabado-17\/#article","isPartOf":{"@id":"https:\/\/www.notibras.com\/site\/traficante-brasileiro-condenado-na-indonesia-sera-fuzilado-no-sabado-17\/"},"author":{"name":"Reda\u00e7\u00e3o","@id":"https:\/\/www.notibras.com\/site\/#\/schema\/person\/36ab0979449956132d3e5b517ea76ac8"},"headline":"Indon\u00e9sia decide fuzilar traficante brasileiro s\u00e1bado","datePublished":"2015-01-15T13:02:39+00:00","dateModified":"2015-01-15T19:04:58+00:00","mainEntityOfPage":{"@id":"https:\/\/www.notibras.com\/site\/traficante-brasileiro-condenado-na-indonesia-sera-fuzilado-no-sabado-17\/"},"wordCount":204,"commentCount":0,"publisher":{"@id":"https:\/\/www.notibras.com\/site\/#organization"},"image":{"@id":"https:\/\/www.notibras.com\/site\/traficante-brasileiro-condenado-na-indonesia-sera-fuzilado-no-sabado-17\/#primaryimage"},"thumbnailUrl":"https:\/\/www.notibras.com\/site\/wp-content\/uploads\/2015\/01\/indonesiabrasileiroexecucaoafp.jpg","articleSection":["Brasil"],"inLanguage":"pt-BR","potentialAction":[{"@type":"CommentAction","name":"Comment","target":["https:\/\/www.notibras.com\/site\/traficante-brasileiro-condenado-na-indonesia-sera-fuzilado-no-sabado-17\/#respond"]}]},{"@type":"WebPage","@id":"https:\/\/www.notibras.com\/site\/traficante-brasileiro-condenado-na-indonesia-sera-fuzilado-no-sabado-17\/","url":"https:\/\/www.notibras.com\/site\/traficante-brasileiro-condenado-na-indonesia-sera-fuzilado-no-sabado-17\/","name":"Indon\u00e9sia decide fuzilar traficante brasileiro s\u00e1bado - Notibras","isPartOf":{"@id":"https:\/\/www.notibras.com\/site\/#website"},"primaryImageOfPage":{"@id":"https:\/\/www.notibras.com\/site\/traficante-brasileiro-condenado-na-indonesia-sera-fuzilado-no-sabado-17\/#primaryimage"},"image":{"@id":"https:\/\/www.notibras.com\/site\/traficante-brasileiro-condenado-na-indonesia-sera-fuzilado-no-sabado-17\/#primaryimage"},"thumbnailUrl":"https:\/\/www.notibras.com\/site\/wp-content\/uploads\/2015\/01\/indonesiabrasileiroexecucaoafp.jpg","datePublished":"2015-01-15T13:02:39+00:00","dateModified":"2015-01-15T19:04:58+00:00","breadcrumb":{"@id":"https:\/\/www.notibras.com\/site\/traficante-brasileiro-condenado-na-indonesia-sera-fuzilado-no-sabado-17\/#breadcrumb"},"inLanguage":"pt-BR","potentialAction":[{"@type":"ReadAction","target":["https:\/\/www.notibras.com\/site\/traficante-brasileiro-condenado-na-indonesia-sera-fuzilado-no-sabado-17\/"]}]},{"@type":"ImageObject","inLanguage":"pt-BR","@id":"https:\/\/www.notibras.com\/site\/traficante-brasileiro-condenado-na-indonesia-sera-fuzilado-no-sabado-17\/#primaryimage","url":"https:\/\/www.notibras.com\/site\/wp-content\/uploads\/2015\/01\/indonesiabrasileiroexecucaoafp.jpg","contentUrl":"https:\/\/www.notibras.com\/site\/wp-content\/uploads\/2015\/01\/indonesiabrasileiroexecucaoafp.jpg","width":460,"height":340},{"@type":"BreadcrumbList","@id":"https:\/\/www.notibras.com\/site\/traficante-brasileiro-condenado-na-indonesia-sera-fuzilado-no-sabado-17\/#breadcrumb","itemListElement":[{"@type":"ListItem","position":1,"name":"In\u00edcio","item":"https:\/\/www.notibras.com\/site\/"},{"@type":"ListItem","position":2,"name":"Indon\u00e9sia decide fuzilar traficante brasileiro s\u00e1bado"}]},{"@type":"WebSite","@id":"https:\/\/www.notibras.com\/site\/#website","url":"https:\/\/www.notibras.com\/site\/","name":"Notibras","description":"Not\u00edcias de Bras\u00edlia, do Brasil e do Mundo","publisher":{"@id":"https:\/\/www.notibras.com\/site\/#organization"},"potentialAction":[{"@type":"SearchAction","target":{"@type":"EntryPoint","urlTemplate":"https:\/\/www.notibras.com\/site\/?s={search_term_string}"},"query-input":{"@type":"PropertyValueSpecification","valueRequired":true,"valueName":"search_term_string"}}],"inLanguage":"pt-BR"},{"@type":"Organization","@id":"https:\/\/www.notibras.com\/site\/#organization","name":"Grupo Notibras de Comunica\u00e7\u00e3o","url":"https:\/\/www.notibras.com\/site\/","logo":{"@type":"ImageObject","inLanguage":"pt-BR","@id":"https:\/\/www.notibras.com\/site\/#\/schema\/logo\/image\/","url":"https:\/\/www.notibras.com\/site\/wp-content\/uploads\/2023\/01\/notibras23.png","contentUrl":"https:\/\/www.notibras.com\/site\/wp-content\/uploads\/2023\/01\/notibras23.png","width":350,"height":87,"caption":"Grupo Notibras de Comunica\u00e7\u00e3o"},"image":{"@id":"https:\/\/www.notibras.com\/site\/#\/schema\/logo\/image\/"},"sameAs":["https:\/\/www.facebook.com\/notibras\/","https:\/\/x.com\/Notibras","https:\/\/www.instagram.com\/notibras\/"]},{"@type":"Person","@id":"https:\/\/www.notibras.com\/site\/#\/schema\/person\/36ab0979449956132d3e5b517ea76ac8","name":"Reda\u00e7\u00e3o","image":{"@type":"ImageObject","inLanguage":"pt-BR","@id":"https:\/\/secure.gravatar.com\/avatar\/e0a867bdedb85fd243eadf09663511f96fc81e0720a4a42581f334ad4303aa6b?s=96&d=mm&r=g","url":"https:\/\/secure.gravatar.com\/avatar\/e0a867bdedb85fd243eadf09663511f96fc81e0720a4a42581f334ad4303aa6b?s=96&d=mm&r=g","contentUrl":"https:\/\/secure.gravatar.com\/avatar\/e0a867bdedb85fd243eadf09663511f96fc81e0720a4a42581f334ad4303aa6b?s=96&d=mm&r=g","caption":"Reda\u00e7\u00e3o"}}]}},"amp_enabled":true,"_links":{"self":[{"href":"https:\/\/www.notibras.com\/site\/wp-json\/wp\/v2\/posts\/34080","targetHints":{"allow":["GET"]}}],"collection":[{"href":"https:\/\/www.notibras.com\/site\/wp-json\/wp\/v2\/posts"}],"about":[{"href":"https:\/\/www.notibras.com\/site\/wp-json\/wp\/v2\/types\/post"}],"author":[{"embeddable":true,"href":"https:\/\/www.notibras.com\/site\/wp-json\/wp\/v2\/users\/2"}],"replies":[{"embeddable":true,"href":"https:\/\/www.notibras.com\/site\/wp-json\/wp\/v2\/comments?post=34080"}],"version-history":[{"count":0,"href":"https:\/\/www.notibras.com\/site\/wp-json\/wp\/v2\/posts\/34080\/revisions"}],"wp:featuredmedia":[{"embeddable":true,"href":"https:\/\/www.notibras.com\/site\/wp-json\/wp\/v2\/media\/34082"}],"wp:attachment":[{"href":"https:\/\/www.notibras.com\/site\/wp-json\/wp\/v2\/media?parent=34080"}],"wp:term":[{"taxonomy":"category","embeddable":true,"href":"https:\/\/www.notibras.com\/site\/wp-json\/wp\/v2\/categories?post=34080"},{"taxonomy":"post_tag","embeddable":true,"href":"https:\/\/www.notibras.com\/site\/wp-json\/wp\/v2\/tags?post=34080"}],"curies":[{"name":"wp","href":"https:\/\/api.w.org\/{rel}","templated":true}]}}