{"id":340832,"date":"2024-11-13T00:02:03","date_gmt":"2024-11-13T03:02:03","guid":{"rendered":"https:\/\/www.notibras.com\/site\/?p=340832"},"modified":"2024-11-13T06:52:45","modified_gmt":"2024-11-13T09:52:45","slug":"dia-nacional-do-maracatu-sera-comemorado-em-1o-de-agosto","status":"publish","type":"post","link":"https:\/\/www.notibras.com\/site\/dia-nacional-do-maracatu-sera-comemorado-em-1o-de-agosto\/","title":{"rendered":"Dia Nacional do Maracatu ser\u00e1 comemorado em 1\u00ba de agosto"},"content":{"rendered":"<p>O presidente Luiz In\u00e1cio Lula da Silva assinou nesta ter\u00e7a-feira (12), no Pal\u00e1cio do Planalto, o projeto de lei (PL) 397\/2019 que cria o Dia Nacional do Maracatu. A celebra\u00e7\u00e3o ser\u00e1 observada anualmente no dia 1\u00ba de agosto, data que marca o nascimento do mestre Lu\u00eds de Fran\u00e7a, que foi l\u00edder do Maracatu Le\u00e3o Coroado, o mais antigo de Pernambuco, e faleceu em 1997. J\u00e1 existe o Dia do Maracatu em Pernambuco, na mesma data.<\/p>\n<p>&#8220;N\u00f3s temos que fazer com que essa lei seja cumprida ao p\u00e9 da letra. O que significa isso? Significa que n\u00f3s precisamos transformar o Maracatu numa arte de conhecimento de todo o povo brasileiro. N\u00e3o \u00e9 poss\u00edvel que a gente crie o Dia Nacional do Maracatu e somente Pernambuco continue conhecendo a fundo o Maracatu&#8221;, afirmou Lula, ao defender que o Estado brasileiro desenvolva a\u00e7\u00f5es reais para levar o Maracatu a todos o cantos do pa\u00eds e elevar seu status de arte nacional brasileira, com apoio e patroc\u00ednios p\u00fablicos e privados para sua reprodu\u00e7\u00e3o nacional e internacional.<\/p>\n<p>A manifesta\u00e7\u00e3o cultural nascida no estado de Pernambuco ainda no s\u00e9culo XVIII mistura ritmos musicais variados, especialmente a percuss\u00e3o, com dan\u00e7as, vestimentas tradicionais sofisticadas e muita religiosidade.<\/p>\n<p>&#8220;Em Pernambuco, tudo que a gente diz que \u00e9 \u00fanico, maior e melhor, a gente n\u00e3o pode negar isso ao falar do Maracatu, que \u00e9 singular da nossa terra&#8221;, destacou a ministra da Ci\u00eancia, Tecnologia e Inova\u00e7\u00e3o, Luciana Santos, que \u00e9 a autora do Projeto de Lei quando era deputada federal por Pernambuco. O texto foi aprovado pelo Congresso Nacional no m\u00eas passado. Durante a san\u00e7\u00e3o, o mestre Maciel Salustiano comandou uma apresenta\u00e7\u00e3o de um grupo de Maracatu de Baque Virado, o Maracatu Rural, tradicional da Zona da Mata de Pernambuco.<\/p>\n<p>Luciana Santos lembrou que o Maracatu amalgamou uma forte tradi\u00e7\u00e3o africana, ao reproduzir processos de coroa\u00e7\u00e3o dos reis e rainhas do Congo, com express\u00f5es culturais que se originaram do pr\u00f3prio processo de coloniza\u00e7\u00e3o europeia e escraviza\u00e7\u00e3o de negros no agreste e litoral do Nordeste. O Maracatu \u00e9 um dos emblemas mais espetaculares do tradicional carnaval de Pernambuco.<\/p>\n<p>&#8220;O Maracatu \u00e9 muito mais que uma dan\u00e7a, \u00e9 um grito, uma celebra\u00e7\u00e3o da cultura popular brasileira, que traz consigo a mem\u00f3ria dos nossos ancestrais. Ela une comunidades, resgata tradi\u00e7\u00f5es e alimenta a alma de quem participa e de quem assiste. Aos ritmos dos tambores e alfaia, agog\u00f4s, os sons dos clarins, somos transportados para um espa\u00e7o-tempo onde a alegria, a ancestralidade se entrela\u00e7am, formando um mosaico vibrante de cores&#8221;, afirmou a ministra da Cultura, Margareth Menezes.<\/p>\n","protected":false},"excerpt":{"rendered":"<p>O presidente Luiz In\u00e1cio Lula da Silva assinou nesta ter\u00e7a-feira (12), no Pal\u00e1cio do Planalto, o projeto de lei (PL) 397\/2019 que cria o Dia Nacional do Maracatu. A celebra\u00e7\u00e3o ser\u00e1 observada anualmente no dia 1\u00ba de agosto, data que marca o nascimento do mestre Lu\u00eds de Fran\u00e7a, que foi l\u00edder do Maracatu Le\u00e3o Coroado, [&hellip;]<\/p>\n","protected":false},"author":2,"featured_media":340833,"comment_status":"closed","ping_status":"closed","sticky":false,"template":"","format":"standard","meta":{"_acf_changed":false,"footnotes":""},"categories":[165],"tags":[],"class_list":["post-340832","post","type-post","status-publish","format-standard","has-post-thumbnail","hentry","category-nordeste"],"acf":[],"_links":{"self":[{"href":"https:\/\/www.notibras.com\/site\/wp-json\/wp\/v2\/posts\/340832","targetHints":{"allow":["GET"]}}],"collection":[{"href":"https:\/\/www.notibras.com\/site\/wp-json\/wp\/v2\/posts"}],"about":[{"href":"https:\/\/www.notibras.com\/site\/wp-json\/wp\/v2\/types\/post"}],"author":[{"embeddable":true,"href":"https:\/\/www.notibras.com\/site\/wp-json\/wp\/v2\/users\/2"}],"replies":[{"embeddable":true,"href":"https:\/\/www.notibras.com\/site\/wp-json\/wp\/v2\/comments?post=340832"}],"version-history":[{"count":1,"href":"https:\/\/www.notibras.com\/site\/wp-json\/wp\/v2\/posts\/340832\/revisions"}],"predecessor-version":[{"id":340834,"href":"https:\/\/www.notibras.com\/site\/wp-json\/wp\/v2\/posts\/340832\/revisions\/340834"}],"wp:featuredmedia":[{"embeddable":true,"href":"https:\/\/www.notibras.com\/site\/wp-json\/wp\/v2\/media\/340833"}],"wp:attachment":[{"href":"https:\/\/www.notibras.com\/site\/wp-json\/wp\/v2\/media?parent=340832"}],"wp:term":[{"taxonomy":"category","embeddable":true,"href":"https:\/\/www.notibras.com\/site\/wp-json\/wp\/v2\/categories?post=340832"},{"taxonomy":"post_tag","embeddable":true,"href":"https:\/\/www.notibras.com\/site\/wp-json\/wp\/v2\/tags?post=340832"}],"curies":[{"name":"wp","href":"https:\/\/api.w.org\/{rel}","templated":true}]}}