{"id":340843,"date":"2024-11-13T08:07:28","date_gmt":"2024-11-13T11:07:28","guid":{"rendered":"https:\/\/www.notibras.com\/site\/?p=340843"},"modified":"2024-11-13T08:29:38","modified_gmt":"2024-11-13T11:29:38","slug":"chengulo-o-filhote-teve-vida-plena-de-cachorro","status":"publish","type":"post","link":"https:\/\/www.notibras.com\/site\/chengulo-o-filhote-teve-vida-plena-de-cachorro\/","title":{"rendered":"Chengulo, &#8216;o filhote&#8217;, teve vida plena de cachorro"},"content":{"rendered":"<p>Eis que estou aqui em casa, quando a minha esposa, a famosa Dona Irene, solta aquela gargalhada. Imediatamente, lan\u00e7o um olhar e um sorriso bobo diante de tamanha beleza.<\/p>\n<p>&#8211; O que foi, amorzinho?<\/p>\n<p>&#8211; Edu, lembra daquele dia em que est\u00e1vamos naquela pra\u00e7a l\u00e1 em Bras\u00edlia com o Chengulo, e uma mulher apareceu e perguntou se voc\u00ea poderia responder a uma pesquisa?<\/p>\n<p>&#8211; Lembro. E o que tem isso?<\/p>\n<p>&#8211; \u00c9 que voc\u00ea disse que t\u00ednhamos um filho de sete anos que se chamava Chengulo.<\/p>\n<p>&#8211; E da\u00ed?<\/p>\n<p>&#8211; Da\u00ed que ela fez uma cara de surpresa. At\u00e9 repetiu o nome: &#8220;Chengulo?&#8221;<\/p>\n<p>Pois \u00e9, isso aconteceu numa manh\u00e3 ensolarada na Asa Norte, quando est\u00e1vamos passeando com o Chengulo. A mo\u00e7a da pesquisa n\u00e3o percebeu que estava diante do nosso filho, pois imaginou que ele estaria na escola.<\/p>\n<p>\u00c9 engra\u00e7ado como a vida \u00e9 t\u00e3o curta, especialmente a dos c\u00e3es. No entanto, parece que eles vivem de modo mais intenso, como se soubessem que n\u00e3o h\u00e1 tempo a se perder. Mas n\u00e3o na \u00e2nsia de ganhar cada vez mais e mais dinheiro, ser reconhecido por isso ou aquilo. E o Chengulo, com aquela cara achatada, faz muita falta. O que me conforta \u00e9 que ele soube como ningu\u00e9m levar uma vida plena de cachorro.<\/p>\n<p>&#8230;&#8230;&#8230;&#8230;<\/p>\n<p><strong>*Eduardo Mart\u00ednez \u00e9 autor do livro \u201c57 Contos e Cr\u00f4nicas por um Autor muito Velho\u201d.<\/strong><\/p>\n<p>Compre aqui\u00a0<span class=\"x19la9d6 x1fc57z9 x6ikm8r x10wlt62 x19co3pv x1g5zs5t xfibh0p xiy17q3 x1xsqp64 x1lkfr7t xexx8yu x4uap5 x18d9i69 xkhd6sd\"><span class=\"xrtxmta x1bhl96m\"><img decoding=\"async\" class=\"emoji\" role=\"img\" draggable=\"false\" src=\"https:\/\/s.w.org\/images\/core\/emoji\/14.0.0\/svg\/1f447-1f3ff.svg\" alt=\"&#x1f447;&#x1f3ff;\" \/><\/span><\/span><span class=\"x19la9d6 x1fc57z9 x6ikm8r x10wlt62 x19co3pv x1g5zs5t xfibh0p xiy17q3 x1xsqp64 x1lkfr7t xexx8yu x4uap5 x18d9i69 xkhd6sd\"><span class=\"xrtxmta x1bhl96m\"><img decoding=\"async\" class=\"emoji\" role=\"img\" draggable=\"false\" src=\"https:\/\/s.w.org\/images\/core\/emoji\/14.0.0\/svg\/1f447-1f3ff.svg\" alt=\"&#x1f447;&#x1f3ff;\" \/><\/span><\/span><span class=\"x19la9d6 x1fc57z9 x6ikm8r x10wlt62 x19co3pv x1g5zs5t xfibh0p xiy17q3 x1xsqp64 x1lkfr7t xexx8yu x4uap5 x18d9i69 xkhd6sd\"><span class=\"xrtxmta x1bhl96m\"><img decoding=\"async\" class=\"emoji\" role=\"img\" draggable=\"false\" src=\"https:\/\/s.w.org\/images\/core\/emoji\/14.0.0\/svg\/1f447-1f3ff.svg\" alt=\"&#x1f447;&#x1f3ff;\" \/><\/span><\/span><\/p>\n<p><a href=\"http:\/\/www.joanineditora.com.br\/57-contos-e-cronicas-por-um-autor-muito-velho\">http:\/\/www.joanineditora.com.br\/57-contos-e-cronicas-por-um-autor-muito-velho<\/a><\/p>\n","protected":false},"excerpt":{"rendered":"<p>Eis que estou aqui em casa, quando a minha esposa, a famosa Dona Irene, solta aquela gargalhada. Imediatamente, lan\u00e7o um olhar e um sorriso bobo diante de tamanha beleza. &#8211; O que foi, amorzinho? &#8211; Edu, lembra daquele dia em que est\u00e1vamos naquela pra\u00e7a l\u00e1 em Bras\u00edlia com o Chengulo, e uma mulher apareceu e [&hellip;]<\/p>\n","protected":false},"author":2,"featured_media":340844,"comment_status":"closed","ping_status":"closed","sticky":false,"template":"","format":"standard","meta":{"_acf_changed":false,"footnotes":""},"categories":[161],"tags":[],"class_list":["post-340843","post","type-post","status-publish","format-standard","has-post-thumbnail","hentry","category-quadradinho-em-foco"],"acf":[],"_links":{"self":[{"href":"https:\/\/www.notibras.com\/site\/wp-json\/wp\/v2\/posts\/340843","targetHints":{"allow":["GET"]}}],"collection":[{"href":"https:\/\/www.notibras.com\/site\/wp-json\/wp\/v2\/posts"}],"about":[{"href":"https:\/\/www.notibras.com\/site\/wp-json\/wp\/v2\/types\/post"}],"author":[{"embeddable":true,"href":"https:\/\/www.notibras.com\/site\/wp-json\/wp\/v2\/users\/2"}],"replies":[{"embeddable":true,"href":"https:\/\/www.notibras.com\/site\/wp-json\/wp\/v2\/comments?post=340843"}],"version-history":[{"count":3,"href":"https:\/\/www.notibras.com\/site\/wp-json\/wp\/v2\/posts\/340843\/revisions"}],"predecessor-version":[{"id":340850,"href":"https:\/\/www.notibras.com\/site\/wp-json\/wp\/v2\/posts\/340843\/revisions\/340850"}],"wp:featuredmedia":[{"embeddable":true,"href":"https:\/\/www.notibras.com\/site\/wp-json\/wp\/v2\/media\/340844"}],"wp:attachment":[{"href":"https:\/\/www.notibras.com\/site\/wp-json\/wp\/v2\/media?parent=340843"}],"wp:term":[{"taxonomy":"category","embeddable":true,"href":"https:\/\/www.notibras.com\/site\/wp-json\/wp\/v2\/categories?post=340843"},{"taxonomy":"post_tag","embeddable":true,"href":"https:\/\/www.notibras.com\/site\/wp-json\/wp\/v2\/tags?post=340843"}],"curies":[{"name":"wp","href":"https:\/\/api.w.org\/{rel}","templated":true}]}}