{"id":340875,"date":"2024-11-13T00:00:07","date_gmt":"2024-11-13T03:00:07","guid":{"rendered":"https:\/\/www.notibras.com\/site\/?p=340875"},"modified":"2024-11-13T09:53:04","modified_gmt":"2024-11-13T12:53:04","slug":"distritais-aprovam-projeto-que-reestrutura-carreira-socioeducativa","status":"publish","type":"post","link":"https:\/\/www.notibras.com\/site\/distritais-aprovam-projeto-que-reestrutura-carreira-socioeducativa\/","title":{"rendered":"Distritais aprovam projeto que reestrutura carreira socioeducativa"},"content":{"rendered":"<p>Com a galeria lotada de servidores, a C\u00e2mara Legislativa aprovou nesta ter\u00e7a-feira (12), o Projeto de Lei n\u00ba 1.425\/2024, de autoria do governo do Distrito Federal, que promove a reestrutura\u00e7\u00e3o da carreira socioeducativa no quadro de pessoal do DF. A Secretaria de Justi\u00e7a e Cidadania \u00e9 respons\u00e1vel pela execu\u00e7\u00e3o das medidas socioeducativas que englobam a Presta\u00e7\u00e3o de Servi\u00e7os \u00e0 Comunidade (PSC), Liberdade Assistida (LA), Semiliberdade e Interna\u00e7\u00e3o.<\/p>\n<p>A carreira, criada em 2014, \u00e9 composta por cerca de 2.500 servidores, que ter\u00e3o aumento nas tabelas de vencimento vertical. A valoriza\u00e7\u00e3o da carreira visa inclusive reconhecer que os cargos efetivos de agentes e t\u00e9cnicos passaram a ser de n\u00edvel superior, fato que traz para as medidas socioeducativas profissionais cada vez mais preparados. Ademais, a proposta traz aprimoramento nas atribui\u00e7\u00f5es dos cargos da carreira socioeducativa.<\/p>\n<p>O texto aprovado pelos deputados distritais segue agora para san\u00e7\u00e3o do governador Ibaneis Rocha.<\/p>\n<p>Durante o processo de vota\u00e7\u00e3o, o presidente da CLDF, deputado Wellington Luiz, parabenizou a sensibilidade do governador e a secret\u00e1ria Marcela Passamani pelo empenho na aprova\u00e7\u00e3o do projeto. A titular da pasta acompanhou a vota\u00e7\u00e3o no plen\u00e1rio e destacou a conquista hist\u00f3rica da categoria.<\/p>\n<p>\u201cDepois de muito debate e constru\u00e7\u00e3o, aprovamos essa lei que era uma antiga reivindica\u00e7\u00e3o dos servidores. E podemos notar que esse reenquadramento das tabelas de vencimento valoriza a carreira e traz melhoria salarial para quem est\u00e1 com 30 ou 40 horas de jornada\u201d, afirmou Marcela Passamani.<\/p>\n","protected":false},"excerpt":{"rendered":"<p>Com a galeria lotada de servidores, a C\u00e2mara Legislativa aprovou nesta ter\u00e7a-feira (12), o Projeto de Lei n\u00ba 1.425\/2024, de autoria do governo do Distrito Federal, que promove a reestrutura\u00e7\u00e3o da carreira socioeducativa no quadro de pessoal do DF. A Secretaria de Justi\u00e7a e Cidadania \u00e9 respons\u00e1vel pela execu\u00e7\u00e3o das medidas socioeducativas que englobam a [&hellip;]<\/p>\n","protected":false},"author":2,"featured_media":340876,"comment_status":"closed","ping_status":"closed","sticky":false,"template":"","format":"standard","meta":{"_acf_changed":false,"footnotes":""},"categories":[161],"tags":[],"class_list":["post-340875","post","type-post","status-publish","format-standard","has-post-thumbnail","hentry","category-quadradinho-em-foco"],"acf":[],"_links":{"self":[{"href":"https:\/\/www.notibras.com\/site\/wp-json\/wp\/v2\/posts\/340875","targetHints":{"allow":["GET"]}}],"collection":[{"href":"https:\/\/www.notibras.com\/site\/wp-json\/wp\/v2\/posts"}],"about":[{"href":"https:\/\/www.notibras.com\/site\/wp-json\/wp\/v2\/types\/post"}],"author":[{"embeddable":true,"href":"https:\/\/www.notibras.com\/site\/wp-json\/wp\/v2\/users\/2"}],"replies":[{"embeddable":true,"href":"https:\/\/www.notibras.com\/site\/wp-json\/wp\/v2\/comments?post=340875"}],"version-history":[{"count":1,"href":"https:\/\/www.notibras.com\/site\/wp-json\/wp\/v2\/posts\/340875\/revisions"}],"predecessor-version":[{"id":340877,"href":"https:\/\/www.notibras.com\/site\/wp-json\/wp\/v2\/posts\/340875\/revisions\/340877"}],"wp:featuredmedia":[{"embeddable":true,"href":"https:\/\/www.notibras.com\/site\/wp-json\/wp\/v2\/media\/340876"}],"wp:attachment":[{"href":"https:\/\/www.notibras.com\/site\/wp-json\/wp\/v2\/media?parent=340875"}],"wp:term":[{"taxonomy":"category","embeddable":true,"href":"https:\/\/www.notibras.com\/site\/wp-json\/wp\/v2\/categories?post=340875"},{"taxonomy":"post_tag","embeddable":true,"href":"https:\/\/www.notibras.com\/site\/wp-json\/wp\/v2\/tags?post=340875"}],"curies":[{"name":"wp","href":"https:\/\/api.w.org\/{rel}","templated":true}]}}