{"id":340878,"date":"2024-11-13T00:00:10","date_gmt":"2024-11-13T03:00:10","guid":{"rendered":"https:\/\/www.notibras.com\/site\/?p=340878"},"modified":"2024-11-13T09:59:06","modified_gmt":"2024-11-13T12:59:06","slug":"tres-dias-de-festa-vao-celebrar-o-dia-da-consciencia-negra","status":"publish","type":"post","link":"https:\/\/www.notibras.com\/site\/tres-dias-de-festa-vao-celebrar-o-dia-da-consciencia-negra\/","title":{"rendered":"Tr\u00eas dias de festa v\u00e3o celebrar o Dia da Consci\u00eancia Negra"},"content":{"rendered":"<p>Feriado nacional pela primeira vez, o Dia da Consci\u00eancia Negra ser\u00e1 celebrado no Distrito Federal com um grande festival de exalta\u00e7\u00e3o \u00e0 cultura afro-brasileira. Ser\u00e3o tr\u00eas dias de festa \u2014 de 18 a 20 de novembro \u2014 com palestras, gastronomia, moda e muita m\u00fasica. O Consci\u00eancia Negra 2024 \u00e9 promovido pelas secretarias de Justi\u00e7a e Cidadania (Sejus-DF) e de Cultura e Economia Criativa (Secec-DF), com apoio da Associa\u00e7\u00e3o de Educa\u00e7\u00e3o, Cultura e Economia Criativa (Aecec), do Servi\u00e7o Social do Com\u00e9rcio (Sesc) e do Minist\u00e9rio do Turismo. O investimento total ser\u00e1 de R$ 6 milh\u00f5es.<\/p>\n<p>Entre os artistas confirmados est\u00e3o Ellen Ol\u00e9ria, Marcelo Falc\u00e3o e Na\u00e7\u00e3o Zumbi, que sobem ao palco montado em frente \u00e0 Torre de TV na segunda-feira (18). Na ter\u00e7a, ser\u00e1 a vez, entre outros, de Dhi Ribeiro, Seu Jorge e Ra\u00e7a Negra. J\u00e1 a quarta (20) ter\u00e1 apresenta\u00e7\u00f5es de Olodum, Vanessa da Mata e Tribo da Periferia. Os shows s\u00e3o gratuitos, mas \u00e9 preciso retirar o ingresso antecipadamente na plataforma Sympla.<\/p>\n<p>\u201cNeste momento hist\u00f3rico, \u00e9 muito importante a gente ter na capital da Rep\u00fablica um dia realmente emblem\u00e1tico, um dia que valoriza esta celebra\u00e7\u00e3o e, por isso, seguindo a orienta\u00e7\u00e3o do governador Ibaneis Rocha, a gente tem avan\u00e7ado, inclusive, para que seja publicado um decreto que estabele\u00e7a o reconhecimento oficial do Dia Nacional de Zumbi e da Consci\u00eancia Negra como uma manifesta\u00e7\u00e3o cultural popular democr\u00e1tica. Ou seja, n\u00e3o se trata de uma celebra\u00e7\u00e3o que acontecer\u00e1 apenas este ano. \u00c9 algo que vai permanecer como uma pol\u00edtica p\u00fablica de conscientiza\u00e7\u00e3o, de luta, de respeito\u201d, destacou o secret\u00e1rio de Cultura e Economia Criativa, Claudio Abrantes, em coletiva de imprensa no Pal\u00e1cio do Buriti.<\/p>\n<p><strong>Mais a\u00e7\u00f5es<\/strong><br \/>\nAl\u00e9m das atra\u00e7\u00f5es musicais, o Consci\u00eancia Negra 2024 ter\u00e1 palestras com personalidades nacionais, como o rapper MV Bill; venda de pratos assinados pelo chef Edilson Oliveira e de doces e sucos feitos por comunidades quilombolas; e uma feira, a Afro Bras\u00edlia, onde ser\u00e3o vendidos pe\u00e7as de moda afro e produtos feitos por artes\u00e3os e empreendedores afro-brasileiros.<\/p>\n<p>As crian\u00e7as tamb\u00e9m ter\u00e3o vez, com pe\u00e7as teatrais, conta\u00e7\u00e3o de hist\u00f3rias, atividades pedag\u00f3gicas e brinquedos infl\u00e1veis. Estudantes da rede p\u00fablica participar\u00e3o de a\u00e7\u00f5es como aulas de dan\u00e7a, capoeira e hip-hop. Na segunda e na ter\u00e7a-feira, as atividades come\u00e7am \u00e0s 9h. J\u00e1 na quarta, a programa\u00e7\u00e3o tem in\u00edcio \u00e0s 10h.<\/p>\n<p>\u201cQuando a gente fala de uma celebra\u00e7\u00e3o desse porte, muito me alegra, porque n\u00f3s vamos conseguir trazer para essa festa a pol\u00edtica p\u00fablica implementada no territ\u00f3rio aqui do Distrito Federal. A Secretaria de Justi\u00e7a e Cidadania \u00e9 hoje respons\u00e1vel pela pol\u00edtica do afroempreendedor. Ent\u00e3o, na celebra\u00e7\u00e3o dos tr\u00eas dias, n\u00f3s teremos afroempreendedores\u201d, apontou a secret\u00e1ria Marcela Passamani. \u201cOutro trabalho que n\u00f3s traremos dentro da celebra\u00e7\u00e3o \u00e9 o letramento racial. N\u00f3s j\u00e1 come\u00e7amos a fazer isso com os servidores, com as escolas, mas agora n\u00f3s seremos respons\u00e1veis por visitas guiadas tamb\u00e9m, onde n\u00f3s iremos convidar as escolas para poder conhecer o evento e, mais al\u00e9m de tudo, sair com a informa\u00e7\u00e3o\u201d, acrescentou.<\/p>\n<p>J\u00e1 o coordenador-geral da bancada negra da C\u00e2mara, deputado federal Dami\u00e3o Feliciano, elogiou a articula\u00e7\u00e3o entre os Poderes para marcar a data no DF: \u201cEu fico muito contente, muito entusiasmado. Esse daqui \u00e9 um exemplo que com certeza vai ser seguido no Brasil. O Governo do Distrito Federal sai na frente, d\u00e1 um pontap\u00e9 extraordin\u00e1rio\u201d.<\/p>\n<p>A data para marcar o Dia da Consci\u00eancia Negra foi institu\u00edda em 2011, em homenagem a Zumbi dos Palmares, importante l\u00edder quilombola, assassinado em 20 de novembro de 1695. No fim do ano passado, foi oficializada como feriado nacional. No DF \u2014 onde 57,3% da popula\u00e7\u00e3o se autodeclara negra, segundo a Pesquisa Distrital por Amostra de Domic\u00edlios (PDAD) \u2014, a data vem sendo considerada ponto facultativo desde 2019.<\/p>\n<p>Confira a programa\u00e7\u00e3o completa<\/p>\n<p>18 de novembro (segunda-feira)<br \/>\n9h \u00e0s 9h30 \u2013 Abertura<br \/>\n10h \u00e0s 11h30 \u2013 Palestra com MV Bill<br \/>\n12h \u00e0s 14h \u2013 DJ HOOL Ramos<br \/>\n14h \u00e0s 14h40 \u2013 Visita escolar guiada<br \/>\n14h40 \u00e0s 16h40 \u2013 Oficina de dan\u00e7a m\u00e3e \u00c1frica<br \/>\n17h \u00e0s 17h45 \u2013 Show Afox\u00e9 Ogum P\u00e1<br \/>\n18h \u00e0s 18h45 \u2013 Filhos de Dona Maria<br \/>\n19h \u00e0s 19h45 \u2013 Show Patakori + Folha Seca<br \/>\n20h \u00e0s 21h \u2013 Ellen Ol\u00e9ria<br \/>\n21h30 \u00e0s 22h30 \u2013 Marcelo Falc\u00e3o<br \/>\n23h \u2013 Na\u00e7\u00e3o Zumbi<\/p>\n<p>19 de novembro (ter\u00e7a-feira)<br \/>\n9h \u00e0s 9h30 \u2013 Visita escolar guiada<br \/>\n9h40 \u00e0s 11h40 \u2013 Oficina de breaking dance<br \/>\n12h \u00e0s 14h \u2013 DJ Alhoca<br \/>\n14h \u00e0s 14h30 \u2013 Visita escolar guiada \u2013 Bianca Tur Negro<br \/>\n14h40 \u00e0s 15h40 \u2013 Oficina de DJ com Arte Urbana \u2013 Fab Gril<br \/>\n16h \u00e0s 17h \u2013 Desfile da Beleza Negra<br \/>\n17h \u00e0s 17h45 \u2013 Nego De<br \/>\n18h \u00e0s 18h45 \u2013 Laady B<br \/>\n19h \u00e0s 19h45 \u2013 Julia Moreno<br \/>\n19h30 \u00e0s 20h30 \u2013 Dhi Ribeiro<br \/>\n22h \u00e0s 23h30 \u2013 Ra\u00e7a Negra<br \/>\n0h \u2013 Seu Jorge<\/p>\n<p>20 de novembro (quarta-feira \u2013 Dia da Consci\u00eancia Negra)<br \/>\n10h \u00e0s 23h \u2013 Visita\u00e7\u00e3o aberta<br \/>\n10h \u00e0s 12h \u2013 Encontro de B-Boys<br \/>\n12h30 \u00e0s 13h15 \u2013 Cirurgia Moral<br \/>\n13h30 \u00e0s 14h \u2013 DJ Odara<br \/>\n14h \u00e0s 15h \u2013 Francisco Pessanha<br \/>\n15h \u00e0s 15h45 \u2013 Tropa de Elite<br \/>\n16h \u00e0s 17h \u2013 Roda de capoeira<br \/>\n17h \u00e0s 17h45 \u2013 Show Marvin<br \/>\n18h \u00e0s 19h \u2013 Olodum<br \/>\n19h30 \u00e0s 20h30 \u2013 Vanessa da Mata<br \/>\n21h \u2013 Tribo da Periferia<\/p>\n","protected":false},"excerpt":{"rendered":"<p>Feriado nacional pela primeira vez, o Dia da Consci\u00eancia Negra ser\u00e1 celebrado no Distrito Federal com um grande festival de exalta\u00e7\u00e3o \u00e0 cultura afro-brasileira. Ser\u00e3o tr\u00eas dias de festa \u2014 de 18 a 20 de novembro \u2014 com palestras, gastronomia, moda e muita m\u00fasica. O Consci\u00eancia Negra 2024 \u00e9 promovido pelas secretarias de Justi\u00e7a e [&hellip;]<\/p>\n","protected":false},"author":2,"featured_media":340879,"comment_status":"closed","ping_status":"closed","sticky":false,"template":"","format":"standard","meta":{"_acf_changed":false,"footnotes":""},"categories":[161],"tags":[],"class_list":["post-340878","post","type-post","status-publish","format-standard","has-post-thumbnail","hentry","category-quadradinho-em-foco"],"acf":[],"_links":{"self":[{"href":"https:\/\/www.notibras.com\/site\/wp-json\/wp\/v2\/posts\/340878","targetHints":{"allow":["GET"]}}],"collection":[{"href":"https:\/\/www.notibras.com\/site\/wp-json\/wp\/v2\/posts"}],"about":[{"href":"https:\/\/www.notibras.com\/site\/wp-json\/wp\/v2\/types\/post"}],"author":[{"embeddable":true,"href":"https:\/\/www.notibras.com\/site\/wp-json\/wp\/v2\/users\/2"}],"replies":[{"embeddable":true,"href":"https:\/\/www.notibras.com\/site\/wp-json\/wp\/v2\/comments?post=340878"}],"version-history":[{"count":1,"href":"https:\/\/www.notibras.com\/site\/wp-json\/wp\/v2\/posts\/340878\/revisions"}],"predecessor-version":[{"id":340880,"href":"https:\/\/www.notibras.com\/site\/wp-json\/wp\/v2\/posts\/340878\/revisions\/340880"}],"wp:featuredmedia":[{"embeddable":true,"href":"https:\/\/www.notibras.com\/site\/wp-json\/wp\/v2\/media\/340879"}],"wp:attachment":[{"href":"https:\/\/www.notibras.com\/site\/wp-json\/wp\/v2\/media?parent=340878"}],"wp:term":[{"taxonomy":"category","embeddable":true,"href":"https:\/\/www.notibras.com\/site\/wp-json\/wp\/v2\/categories?post=340878"},{"taxonomy":"post_tag","embeddable":true,"href":"https:\/\/www.notibras.com\/site\/wp-json\/wp\/v2\/tags?post=340878"}],"curies":[{"name":"wp","href":"https:\/\/api.w.org\/{rel}","templated":true}]}}