{"id":340884,"date":"2024-11-13T11:58:44","date_gmt":"2024-11-13T14:58:44","guid":{"rendered":"https:\/\/www.notibras.com\/site\/?p=340884"},"modified":"2024-11-13T15:06:48","modified_gmt":"2024-11-13T18:06:48","slug":"fux-manda-lula-dar-um-jeito-para-impedir-uso-do-bolsa-familia-em-bets","status":"publish","type":"post","link":"https:\/\/www.notibras.com\/site\/fux-manda-lula-dar-um-jeito-para-impedir-uso-do-bolsa-familia-em-bets\/","title":{"rendered":"Fux manda Lula dar um jeito para impedir uso do Bolsa Fam\u00edlia em bets"},"content":{"rendered":"<p>O ministro do Supremo Tribunal Federal, Luiz Fux, acaba de mandar um abacaxi azedo para o presidente Luiz In\u00e1cio Lula da Silva descascar: a ado\u00e7\u00e3o de \u201cmedidas imediatas de prote\u00e7\u00e3o especial\u201d que impe\u00e7am o uso de recursos provenientes de programas sociais e assistenciais, como o Bolsa Fam\u00edlia e o Benef\u00edcio de Presta\u00e7\u00e3o Continuada (BPC), em apostas online popularmente conhecidas como bets.<\/p>\n<p>Na decis\u00e3o, Fux estabelece, ainda, que regras previstas na Portaria n\u00ba 1.231\/2024 sobre a proibi\u00e7\u00e3o de a\u00e7\u00f5es de comunica\u00e7\u00e3o, de publicidade e propaganda e de marketing dirigidas a crian\u00e7as e adolescentes tenham \u201caplica\u00e7\u00e3o imediata\u201d.<\/p>\n<p>\u201cA presente decis\u00e3o tem car\u00e1ter liminar, submetida ao referendo do plen\u00e1rio do Supremo Tribunal Federal, independentemente de sua efic\u00e1cia imediata\u201d, ressaltou o ministro. O Pal\u00e1cio do Planalto ainda n\u00e3o se manifestou sobre a determina\u00e7\u00e3o.<\/p>\n","protected":false},"excerpt":{"rendered":"<p>O ministro do Supremo Tribunal Federal, Luiz Fux, acaba de mandar um abacaxi azedo para o presidente Luiz In\u00e1cio Lula da Silva descascar: a ado\u00e7\u00e3o de \u201cmedidas imediatas de prote\u00e7\u00e3o especial\u201d que impe\u00e7am o uso de recursos provenientes de programas sociais e assistenciais, como o Bolsa Fam\u00edlia e o Benef\u00edcio de Presta\u00e7\u00e3o Continuada (BPC), em [&hellip;]<\/p>\n","protected":false},"author":2,"featured_media":340885,"comment_status":"closed","ping_status":"closed","sticky":false,"template":"","format":"standard","meta":{"_acf_changed":false,"footnotes":""},"categories":[165],"tags":[95],"class_list":["post-340884","post","type-post","status-publish","format-standard","has-post-thumbnail","hentry","category-nordeste","tag-capa"],"acf":[],"_links":{"self":[{"href":"https:\/\/www.notibras.com\/site\/wp-json\/wp\/v2\/posts\/340884","targetHints":{"allow":["GET"]}}],"collection":[{"href":"https:\/\/www.notibras.com\/site\/wp-json\/wp\/v2\/posts"}],"about":[{"href":"https:\/\/www.notibras.com\/site\/wp-json\/wp\/v2\/types\/post"}],"author":[{"embeddable":true,"href":"https:\/\/www.notibras.com\/site\/wp-json\/wp\/v2\/users\/2"}],"replies":[{"embeddable":true,"href":"https:\/\/www.notibras.com\/site\/wp-json\/wp\/v2\/comments?post=340884"}],"version-history":[{"count":1,"href":"https:\/\/www.notibras.com\/site\/wp-json\/wp\/v2\/posts\/340884\/revisions"}],"predecessor-version":[{"id":340886,"href":"https:\/\/www.notibras.com\/site\/wp-json\/wp\/v2\/posts\/340884\/revisions\/340886"}],"wp:featuredmedia":[{"embeddable":true,"href":"https:\/\/www.notibras.com\/site\/wp-json\/wp\/v2\/media\/340885"}],"wp:attachment":[{"href":"https:\/\/www.notibras.com\/site\/wp-json\/wp\/v2\/media?parent=340884"}],"wp:term":[{"taxonomy":"category","embeddable":true,"href":"https:\/\/www.notibras.com\/site\/wp-json\/wp\/v2\/categories?post=340884"},{"taxonomy":"post_tag","embeddable":true,"href":"https:\/\/www.notibras.com\/site\/wp-json\/wp\/v2\/tags?post=340884"}],"curies":[{"name":"wp","href":"https:\/\/api.w.org\/{rel}","templated":true}]}}