{"id":340927,"date":"2024-11-14T03:05:54","date_gmt":"2024-11-14T06:05:54","guid":{"rendered":"https:\/\/www.notibras.com\/site\/?p=340927"},"modified":"2024-11-14T03:31:48","modified_gmt":"2024-11-14T06:31:48","slug":"honorato-acaba-com-supersticao-de-cafe-ruim","status":"publish","type":"post","link":"https:\/\/www.notibras.com\/site\/honorato-acaba-com-supersticao-de-cafe-ruim\/","title":{"rendered":"Honorato acaba com supersti\u00e7\u00e3o de caf\u00e9 ruim"},"content":{"rendered":"<p>Diante do fog\u00e3o, Honorato apreciava o momento em que as primeiras bolhas se formavam no fundo da chaleira. Era o instante exato para desligar o fogo e derramar a \u00e1gua em suaves movimentos circulares sobre o p\u00f3 de caf\u00e9 depositado no coador de pano. Ensinamentos da sua falecida av\u00f3, que o homem, hoje t\u00e3o velho como a saudosa parenta, havia aprendido quando menino.<\/p>\n<p>Preparar o caf\u00e9, al\u00e9m de ato inicial de todas as manh\u00e3s, era o que prenunciava se aquele seria ou n\u00e3o um bom dia. \u00c9 verdade que, de t\u00e3o calejadas eram aquelas m\u00e3os enrugadas, quase sempre a bebida sa\u00eda a contento. N\u00e3o obstante, e a despeito do p\u00f3 sempre de elevada qualidade, quando era para dar ruim, ficava pior do que caf\u00e9 de beira de estrada. Em tais ocasi\u00f5es, ali\u00e1s, Honorato fazia de tudo para n\u00e3o colocar os p\u00e9s para fora do apartamento, mesmo que a bela praia de Cabo Branco, na encantadora Jo\u00e3o Pessoa, o convidasse para um passeio.<\/p>\n<p>Honorato se serviu e foi at\u00e9 a varanda do seu apartamento olhar o mar. O tempo estava agrad\u00e1vel, e as parcas nuvens anunciavam que uma caminhada era bem-vinda. Pensou em pegar dinheiro para uma \u00e1gua de coco, mas, ao provar o caf\u00e9, quase o cuspiu. Que porcaria!<\/p>\n<p>O sujeito sabia que n\u00e3o era de bom alvitre colocar a fu\u00e7a para al\u00e9m da porta. E, para n\u00e3o correr risco de que algo o obrigasse a sair de casa, tratou de desligar o telefone, o interfone e a campainha. Passaria o dia inteiro lendo. No final, at\u00e9 gostou da ideia, pois precisava colocar a leitura em dia, ainda mais porque havia ganhado o livro &#8220;A verdade nos seres&#8221;, cujo autor era um tal Daniel Marchi, que ca\u00edra no gosto da filha.<\/p>\n<p>Honorato jogou fora o resto do caf\u00e9. N\u00e3o era mesmo dia dessa iguaria, ainda mais porque a bebida n\u00e3o lhe sa\u00edra a contento. N\u00e3o mesmo! Espremeu algumas laranjas, despejou em generoso copo e foi ler na varanda.<\/p>\n<p>A cada poema lido, o homem degustava por um tempo aquelas palavras at\u00e9 que, no momento seguinte, atrevia-se a ler o pr\u00f3ximo. Tudo ia bem, at\u00e9 que chegou \u00e0 p\u00e1gina 59, onde se deparou com &#8220;Amor de s\u00e1bado&#8221;. N\u00e3o que os versos fossem ruins, pelo contr\u00e1rio. Eram magn\u00edficos e, por isso mesmo, o transportaram para um breve flerte ocorrido h\u00e1 poucos dias no elevador.<\/p>\n<p>Trocaram telefones, mas, at\u00e9 aquele momento, ningu\u00e9m havia feito contato, nem mesmo um &#8220;Oi!&#8221; por mensagem. Honorato, que quase nunca poderia ser chamado de inconsequente, sentiu-se propenso a agir como tal. E foi o que fez. Mandou uma mensagem via WhatsApp.<\/p>\n<p>\u2014 Oi!<\/p>\n<p>\u2014 Oi!<\/p>\n<p>\u2014 Tudo bem?<\/p>\n<p>\u2014 Tudo. E com voc\u00ea?<\/p>\n<p>\u2014 Tudo bem tamb\u00e9m.<\/p>\n<p>\u2014 Pensei que voc\u00ea tivesse perdido meu n\u00famero ou, ent\u00e3o, algo pior.<\/p>\n<p>\u2014 Como assim?<\/p>\n<p>\u2014 Oxente, tivesse me achado atrevida.<\/p>\n<p>\u2014 Gostei muito!<\/p>\n<p>\u2014 Hum&#8230;<\/p>\n<p>A conversa se prolongou por mais algumas frases, at\u00e9 que Ad\u00e9lia, era esse o nome da vi\u00fava do terceiro andar, fez o convite fatal. Sem ter para onde correr, Honorato agiu como um irrespons\u00e1vel. Jogou para o alto todas as supersti\u00e7\u00f5es e foi para o apartamento da mulher. Desde ent\u00e3o, ele aprendeu que o caf\u00e9 pode ser at\u00e9 ruim, mas a vida, vez ou outra, \u00e9 doce.<\/p>\n<p><strong>*Eduardo Mart\u00ednez \u00e9 autor do livro \u201c57 Contos e Cr\u00f4nicas por um Autor muito Velho\u201d.<\/strong><\/p>\n<p>Compre aqui\u00a0<span class=\"x19la9d6 x1fc57z9 x6ikm8r x10wlt62 x19co3pv x1g5zs5t xfibh0p xiy17q3 x1xsqp64 x1lkfr7t xexx8yu x4uap5 x18d9i69 xkhd6sd\"><span class=\"xrtxmta x1bhl96m\"><img decoding=\"async\" class=\"emoji\" role=\"img\" draggable=\"false\" src=\"https:\/\/s.w.org\/images\/core\/emoji\/14.0.0\/svg\/1f447-1f3ff.svg\" alt=\"&#x1f447;&#x1f3ff;\" \/><\/span><\/span><span class=\"x19la9d6 x1fc57z9 x6ikm8r x10wlt62 x19co3pv x1g5zs5t xfibh0p xiy17q3 x1xsqp64 x1lkfr7t xexx8yu x4uap5 x18d9i69 xkhd6sd\"><span class=\"xrtxmta x1bhl96m\"><img decoding=\"async\" class=\"emoji\" role=\"img\" draggable=\"false\" src=\"https:\/\/s.w.org\/images\/core\/emoji\/14.0.0\/svg\/1f447-1f3ff.svg\" alt=\"&#x1f447;&#x1f3ff;\" \/><\/span><\/span><span class=\"x19la9d6 x1fc57z9 x6ikm8r x10wlt62 x19co3pv x1g5zs5t xfibh0p xiy17q3 x1xsqp64 x1lkfr7t xexx8yu x4uap5 x18d9i69 xkhd6sd\"><span class=\"xrtxmta x1bhl96m\"><img decoding=\"async\" class=\"emoji\" role=\"img\" draggable=\"false\" src=\"https:\/\/s.w.org\/images\/core\/emoji\/14.0.0\/svg\/1f447-1f3ff.svg\" alt=\"&#x1f447;&#x1f3ff;\" \/><\/span><\/span><\/p>\n<p><a href=\"http:\/\/www.joanineditora.com.br\/57-contos-e-cronicas-por-um-autor-muito-velho\">http:\/\/www.joanineditora.com.br\/57-contos-e-cronicas-por-um-autor-muito-velho<\/a><\/p>\n","protected":false},"excerpt":{"rendered":"<p>Diante do fog\u00e3o, Honorato apreciava o momento em que as primeiras bolhas se formavam no fundo da chaleira. Era o instante exato para desligar o fogo e derramar a \u00e1gua em suaves movimentos circulares sobre o p\u00f3 de caf\u00e9 depositado no coador de pano. Ensinamentos da sua falecida av\u00f3, que o homem, hoje t\u00e3o velho [&hellip;]<\/p>\n","protected":false},"author":2,"featured_media":340928,"comment_status":"closed","ping_status":"closed","sticky":false,"template":"","format":"standard","meta":{"_acf_changed":false,"footnotes":""},"categories":[165],"tags":[],"class_list":["post-340927","post","type-post","status-publish","format-standard","has-post-thumbnail","hentry","category-nordeste"],"acf":[],"_links":{"self":[{"href":"https:\/\/www.notibras.com\/site\/wp-json\/wp\/v2\/posts\/340927","targetHints":{"allow":["GET"]}}],"collection":[{"href":"https:\/\/www.notibras.com\/site\/wp-json\/wp\/v2\/posts"}],"about":[{"href":"https:\/\/www.notibras.com\/site\/wp-json\/wp\/v2\/types\/post"}],"author":[{"embeddable":true,"href":"https:\/\/www.notibras.com\/site\/wp-json\/wp\/v2\/users\/2"}],"replies":[{"embeddable":true,"href":"https:\/\/www.notibras.com\/site\/wp-json\/wp\/v2\/comments?post=340927"}],"version-history":[{"count":4,"href":"https:\/\/www.notibras.com\/site\/wp-json\/wp\/v2\/posts\/340927\/revisions"}],"predecessor-version":[{"id":340939,"href":"https:\/\/www.notibras.com\/site\/wp-json\/wp\/v2\/posts\/340927\/revisions\/340939"}],"wp:featuredmedia":[{"embeddable":true,"href":"https:\/\/www.notibras.com\/site\/wp-json\/wp\/v2\/media\/340928"}],"wp:attachment":[{"href":"https:\/\/www.notibras.com\/site\/wp-json\/wp\/v2\/media?parent=340927"}],"wp:term":[{"taxonomy":"category","embeddable":true,"href":"https:\/\/www.notibras.com\/site\/wp-json\/wp\/v2\/categories?post=340927"},{"taxonomy":"post_tag","embeddable":true,"href":"https:\/\/www.notibras.com\/site\/wp-json\/wp\/v2\/tags?post=340927"}],"curies":[{"name":"wp","href":"https:\/\/api.w.org\/{rel}","templated":true}]}}