{"id":340932,"date":"2024-11-14T03:00:48","date_gmt":"2024-11-14T06:00:48","guid":{"rendered":"https:\/\/www.notibras.com\/site\/?p=340932"},"modified":"2024-11-14T03:13:01","modified_gmt":"2024-11-14T06:13:01","slug":"criminalidade-invade-centro-e-sentimento-de-medo-toma-conta-do-povo","status":"publish","type":"post","link":"https:\/\/www.notibras.com\/site\/criminalidade-invade-centro-e-sentimento-de-medo-toma-conta-do-povo\/","title":{"rendered":"Criminalidade invade centro e sentimento de medo toma conta do povo"},"content":{"rendered":"<p>No cora\u00e7\u00e3o do Recife, onde as ruas sempre pulsaram ao ritmo fren\u00e9tico da capital pernambucana, uma nova e sombria realidade se instalou. A onda de criminalidade que tem assolado o centro da cidade transformou um ambiente outrora vibrante em um cen\u00e1rio de alerta constante, onde o medo parece acompanhar cada passo.<\/p>\n<p>As avenidas que antes testemunhavam o vai e vem de trabalhadores, estudantes e turistas, agora est\u00e3o ocupadas por uma inseguran\u00e7a que n\u00e3o se esconde mais nas sombras da noite, mas toma conta do dia, impondo-se at\u00e9 sob o sol intenso do meio-dia. Assaltos \u00e0 m\u00e3o armada, furtos em plena luz do dia e at\u00e9 mesmo confrontos entre criminosos e a pol\u00edcia t\u00eam se tornado not\u00edcias comuns, mas nunca simples de digerir.<\/p>\n<p>Para muitos, o centro do Recife era mais que um polo comercial. Era um espa\u00e7o de cultura, de conviv\u00eancia, um ponto de encontro entre a tradi\u00e7\u00e3o e o moderno. A Capela Dourada, o Mercado de S\u00e3o Jos\u00e9, os pr\u00e9dios hist\u00f3ricos: todos os santu\u00e1rios planejados urbanos imunes ao desassossego. No entanto, essa sensa\u00e7\u00e3o de seguran\u00e7a ruiu, deixando um sentimento de vulnerabilidade. Os comerciantes fecham suas portas mais cedo, e os moradores j\u00e1 evitam circular por algumas \u00e1reas.<\/p>\n<p>Em resposta, as autoridades locais prometem &#8211; mas n\u00e3o refor\u00e7am o policiamento, o que seria uma tentativa de retomar o controle pela Guarda Civil Municipal e devolver ao centro o t\u00edtulo de \u201cponto seguro\u201d da capital. Mas a quest\u00e3o vai al\u00e9m da presen\u00e7a de policiais. O povo recifense, acostumado a batalhar, agora lida com a necessidade de reconstruir sua rela\u00e7\u00e3o com o centro da cidade, redescobrir o espa\u00e7o urbano sob um novo olhar de cautela.<\/p>\n<p>H\u00e1 uma inquieta\u00e7\u00e3o silenciosa no ar, provocada pela falta de habilidade do prefeito Jo\u00e3o Campos. Pior: existe o temor de que essa onda de viol\u00eancia se torne o novo normal. No entanto, em meio ao medo e \u00e0 incerteza, ainda h\u00e1 aqueles que esperam pela volta da tranquilidade e que o centro do Recife possa, enfim, voltar a pulsar com a energia de seus pr\u00f3prios filhos, em harmonia, sem que o medo precise fazer parte do roteiro.<\/p>\n","protected":false},"excerpt":{"rendered":"<p>No cora\u00e7\u00e3o do Recife, onde as ruas sempre pulsaram ao ritmo fren\u00e9tico da capital pernambucana, uma nova e sombria realidade se instalou. A onda de criminalidade que tem assolado o centro da cidade transformou um ambiente outrora vibrante em um cen\u00e1rio de alerta constante, onde o medo parece acompanhar cada passo. As avenidas que antes [&hellip;]<\/p>\n","protected":false},"author":2,"featured_media":143806,"comment_status":"closed","ping_status":"closed","sticky":false,"template":"","format":"standard","meta":{"_acf_changed":false,"footnotes":""},"categories":[165],"tags":[],"class_list":["post-340932","post","type-post","status-publish","format-standard","has-post-thumbnail","hentry","category-nordeste"],"acf":[],"_links":{"self":[{"href":"https:\/\/www.notibras.com\/site\/wp-json\/wp\/v2\/posts\/340932","targetHints":{"allow":["GET"]}}],"collection":[{"href":"https:\/\/www.notibras.com\/site\/wp-json\/wp\/v2\/posts"}],"about":[{"href":"https:\/\/www.notibras.com\/site\/wp-json\/wp\/v2\/types\/post"}],"author":[{"embeddable":true,"href":"https:\/\/www.notibras.com\/site\/wp-json\/wp\/v2\/users\/2"}],"replies":[{"embeddable":true,"href":"https:\/\/www.notibras.com\/site\/wp-json\/wp\/v2\/comments?post=340932"}],"version-history":[{"count":3,"href":"https:\/\/www.notibras.com\/site\/wp-json\/wp\/v2\/posts\/340932\/revisions"}],"predecessor-version":[{"id":340935,"href":"https:\/\/www.notibras.com\/site\/wp-json\/wp\/v2\/posts\/340932\/revisions\/340935"}],"wp:featuredmedia":[{"embeddable":true,"href":"https:\/\/www.notibras.com\/site\/wp-json\/wp\/v2\/media\/143806"}],"wp:attachment":[{"href":"https:\/\/www.notibras.com\/site\/wp-json\/wp\/v2\/media?parent=340932"}],"wp:term":[{"taxonomy":"category","embeddable":true,"href":"https:\/\/www.notibras.com\/site\/wp-json\/wp\/v2\/categories?post=340932"},{"taxonomy":"post_tag","embeddable":true,"href":"https:\/\/www.notibras.com\/site\/wp-json\/wp\/v2\/tags?post=340932"}],"curies":[{"name":"wp","href":"https:\/\/api.w.org\/{rel}","templated":true}]}}