{"id":340936,"date":"2024-11-14T00:18:20","date_gmt":"2024-11-14T03:18:20","guid":{"rendered":"https:\/\/www.notibras.com\/site\/?p=340936"},"modified":"2024-11-14T03:21:37","modified_gmt":"2024-11-14T06:21:37","slug":"nordeste-domina-podios-no-1o-dia-dos-jogos-da-juventude","status":"publish","type":"post","link":"https:\/\/www.notibras.com\/site\/nordeste-domina-podios-no-1o-dia-dos-jogos-da-juventude\/","title":{"rendered":"Nordeste domina p\u00f3dios no 1\u00ba dia dos Jogos da Juventude"},"content":{"rendered":"<p>As provas de pot\u00eancia m\u00e1xima do ciclismo abriram o primeiro dia dos Jogos da Juventude nesta quarta-feira (13), em Jo\u00e3o Pessoa, com atletas do Nordeste assegurando, ao lado de alunos do vizinho Norte, a maioria das medalhas. A competi\u00e7\u00e3o com mais de quatro mil estudantes (escolas p\u00fablicas e privadas) de todo o pa\u00eds, com idades entre 15 e 17 anos, \u00e9 uma das que mais revela talentos no esporte nacional. As disputas em 18 modalidades ol\u00edmpicas ir\u00e3o at\u00e9 28 de novembro.<\/p>\n<p>N\u00e3o s\u00e3o poucos os atletas ol\u00edmpicos brasileiros revelados nos Jogos da Juventude, desde a primeira edi\u00e7\u00e3o nos anos 2000. Entres eles est\u00e3o a judoca Beatriz Souza e o velocista Alison dos Santos, que conquistaram ouro e bronze, respectivamente, nos Jogos de Paris.<\/p>\n<p>Campe\u00e3 ol\u00edmpica no jud\u00f4, Bia Souza abriu oficialmente o evento ao acender a pira da competi\u00e7\u00e3o, durante cerim\u00f4nia no Teatro Pedra do Reino, no Centro de Conven\u00e7\u00f5es de Jo\u00e3o Pessoa. A festa contou ainda com outras estrelas de Paris 2024 como Rebeca Andrade, bicampe\u00e3 ol\u00edmpica na gin\u00e1stica art\u00edstica; Caio Bonfim, prata na marcha atl\u00e9tica; e Edival Pontes, bronze no taekwondo.<\/p>\n<p>&#8220;Os Jogos da Juventude simbolizam a realiza\u00e7\u00e3o de sonhos, o come\u00e7o de trajet\u00f3rias que podem, sim, levar muitos de voc\u00eas aos maiores palcos do esporte mundial. Estamos aqui para celebrar o potencial de mais de 4 mil jovens atletas de todas as partes do Brasil, que t\u00eam a chance de mostrar o seu talento e, mais do que isso, mostrar a for\u00e7a do esporte como ferramenta de transforma\u00e7\u00e3o&#8221;, disse Paulo Wanderley, presidente do COB, no discurso de abertura.<\/p>\n","protected":false},"excerpt":{"rendered":"<p>As provas de pot\u00eancia m\u00e1xima do ciclismo abriram o primeiro dia dos Jogos da Juventude nesta quarta-feira (13), em Jo\u00e3o Pessoa, com atletas do Nordeste assegurando, ao lado de alunos do vizinho Norte, a maioria das medalhas. A competi\u00e7\u00e3o com mais de quatro mil estudantes (escolas p\u00fablicas e privadas) de todo o pa\u00eds, com idades [&hellip;]<\/p>\n","protected":false},"author":2,"featured_media":340937,"comment_status":"closed","ping_status":"closed","sticky":false,"template":"","format":"standard","meta":{"_acf_changed":false,"footnotes":""},"categories":[165],"tags":[],"class_list":["post-340936","post","type-post","status-publish","format-standard","has-post-thumbnail","hentry","category-nordeste"],"acf":[],"_links":{"self":[{"href":"https:\/\/www.notibras.com\/site\/wp-json\/wp\/v2\/posts\/340936","targetHints":{"allow":["GET"]}}],"collection":[{"href":"https:\/\/www.notibras.com\/site\/wp-json\/wp\/v2\/posts"}],"about":[{"href":"https:\/\/www.notibras.com\/site\/wp-json\/wp\/v2\/types\/post"}],"author":[{"embeddable":true,"href":"https:\/\/www.notibras.com\/site\/wp-json\/wp\/v2\/users\/2"}],"replies":[{"embeddable":true,"href":"https:\/\/www.notibras.com\/site\/wp-json\/wp\/v2\/comments?post=340936"}],"version-history":[{"count":1,"href":"https:\/\/www.notibras.com\/site\/wp-json\/wp\/v2\/posts\/340936\/revisions"}],"predecessor-version":[{"id":340938,"href":"https:\/\/www.notibras.com\/site\/wp-json\/wp\/v2\/posts\/340936\/revisions\/340938"}],"wp:featuredmedia":[{"embeddable":true,"href":"https:\/\/www.notibras.com\/site\/wp-json\/wp\/v2\/media\/340937"}],"wp:attachment":[{"href":"https:\/\/www.notibras.com\/site\/wp-json\/wp\/v2\/media?parent=340936"}],"wp:term":[{"taxonomy":"category","embeddable":true,"href":"https:\/\/www.notibras.com\/site\/wp-json\/wp\/v2\/categories?post=340936"},{"taxonomy":"post_tag","embeddable":true,"href":"https:\/\/www.notibras.com\/site\/wp-json\/wp\/v2\/tags?post=340936"}],"curies":[{"name":"wp","href":"https:\/\/api.w.org\/{rel}","templated":true}]}}