{"id":340940,"date":"2024-11-14T00:00:54","date_gmt":"2024-11-14T03:00:54","guid":{"rendered":"https:\/\/www.notibras.com\/site\/?p=340940"},"modified":"2024-11-14T03:38:17","modified_gmt":"2024-11-14T06:38:17","slug":"rio-sao-paulo-e-minas-deixam-nordeste-para-tras-na-alta-temporada","status":"publish","type":"post","link":"https:\/\/www.notibras.com\/site\/rio-sao-paulo-e-minas-deixam-nordeste-para-tras-na-alta-temporada\/","title":{"rendered":"Rio, S\u00e3o Paulo e Minas deixam Nordeste para tr\u00e1s na alta temporada"},"content":{"rendered":"<p>Festas de fim de ano, confraterniza\u00e7\u00f5es e f\u00e9rias escolares chegando. O per\u00edodo de alta temporada de ver\u00e3o no Brasil bate \u00e0 porta e o Minist\u00e9rio do Turismo est\u00e1 otimista em rela\u00e7\u00e3o ao aumento de viagens e n\u00famero de turistas e, ainda, com faturamento e contrata\u00e7\u00e3o de pessoal para o setor.<\/p>\n<p>Entre novembro de 2024 e fevereiro de 2025, as atividades ligadas ao turismo brasileiro devem faturar R$ 157,74 bilh\u00f5es, o que representar\u00e1 a maior receita dos \u00faltimos dez anos, de acordo com an\u00e1lise do Minist\u00e9rio do Turismo, baseada em dados da Confedera\u00e7\u00e3o Nacional do Com\u00e9rcio de Bens, Servi\u00e7os e Turismo (CNC).<\/p>\n<p>Se comparada \u00e0 temporada anterior, o ver\u00e3o 2024\/2025 deve registrar o crescimento de 1,7% no faturamento de empreendimentos ligados \u00e0 atividade tur\u00edstica. Os quatro meses representam cerca de 44% da receita anual dos produtos e servi\u00e7os tur\u00edsticos.<\/p>\n<p>O levantamento aponta que na alta temporada tur\u00edstica os maiores ganhos devem ocorrer nos estados de S\u00e3o Paulo (R$ 51,4 bilh\u00f5es), Rio de Janeiro (R$ 19,0 bilh\u00f5es) e Minas Gerais (R$ 17,2 bilh\u00f5es) que acumulam 55,5% do faturamento estimado.<\/p>\n<p>A CNC prev\u00ea que os turistas destinem boa parte de seus gastos a bares e restaurantes (R$ 70,67 bilh\u00f5es) e transporte rodovi\u00e1rio (R$ 37,55 bilh\u00f5es). O transporte a\u00e9reo e a hospedagem t\u00eam boas perspectivas, alavancadas sobretudo pela queda de 14,7% nos pre\u00e7os das passagens a\u00e9reas, em setembro, verificada pela Ag\u00eancia Nacional de Avia\u00e7\u00e3o Civil (Anac).<\/p>\n<p><strong>Contrata\u00e7\u00f5es<\/strong><br \/>\nA CNC projeta que a alta temporada do turismo demandar\u00e1 as contrata\u00e7\u00f5es tempor\u00e1rias de 76,5 mil trabalhadores, entre outubro de 2024 e janeiro de 2025, em empreendimentos ligados ao turismo no territ\u00f3rio nacional. Se confirmado, este dever\u00e1 ser o melhor resultado para o per\u00edodo, desde 2015.<\/p>\n<p>O sal\u00e1rio m\u00e9dio de admiss\u00e3o dos trabalhadores tempor\u00e1rios dever\u00e1 alcan\u00e7ar R$ 1.842.<\/p>\n<p>A cadeia do turismo envolve 57 segmentos diretos da economia. Entre os que devem ser impactados pela alta tempor\u00e1ria devem ser os segmentos de alimenta\u00e7\u00e3o, com 54,2 mil vagas, seguido por transportes, com 10,6 mil contrata\u00e7\u00f5es e hospedagem, com 8,4 mil empregos.<\/p>\n<p>Atualmente, o turismo emprega 3,51 milh\u00f5es de trabalhadores formais, um crescimento de 7,9% em compara\u00e7\u00e3o ao per\u00edodo pr\u00e9-pandemia de covid-19 (2020).<\/p>\n<p>De outubro de 2023 a setembro de 2024, 10,39% do total de empregos gerados nos diversos segmentos do pa\u00eds, s\u00e3o no setor do turismo, respons\u00e1vel por contratar com carteira assinada 200.386 pessoas, das 1.839.418 vagas criadas no per\u00edodo.<\/p>\n<p>Ao todo, de acordo com Associa\u00e7\u00e3o Brasileira do Trabalho Tempor\u00e1rio (Asserttem), 450 mil vagas tempor\u00e1rias devem ser criadas no pa\u00eds no \u00faltimo trimestre de 2024. Ao menos 35% destas vagas estar\u00e3o dentro do setor de servi\u00e7os \u2013 do qual o turismo faz parte.<\/p>\n<p>Para qualificar os profissionais da cadeia produtiva do turismo que atender\u00e3o os viajantes nacionais e estrangeiros, sobretudo, na alta temporada de fim de ano, o Minist\u00e9rio do Turismo oferta cursos de qualifica\u00e7\u00e3o no setor.<\/p>\n","protected":false},"excerpt":{"rendered":"<p>Festas de fim de ano, confraterniza\u00e7\u00f5es e f\u00e9rias escolares chegando. O per\u00edodo de alta temporada de ver\u00e3o no Brasil bate \u00e0 porta e o Minist\u00e9rio do Turismo est\u00e1 otimista em rela\u00e7\u00e3o ao aumento de viagens e n\u00famero de turistas e, ainda, com faturamento e contrata\u00e7\u00e3o de pessoal para o setor. Entre novembro de 2024 e [&hellip;]<\/p>\n","protected":false},"author":2,"featured_media":340941,"comment_status":"closed","ping_status":"closed","sticky":false,"template":"","format":"standard","meta":{"_acf_changed":false,"footnotes":""},"categories":[165],"tags":[],"class_list":["post-340940","post","type-post","status-publish","format-standard","has-post-thumbnail","hentry","category-nordeste"],"acf":[],"_links":{"self":[{"href":"https:\/\/www.notibras.com\/site\/wp-json\/wp\/v2\/posts\/340940","targetHints":{"allow":["GET"]}}],"collection":[{"href":"https:\/\/www.notibras.com\/site\/wp-json\/wp\/v2\/posts"}],"about":[{"href":"https:\/\/www.notibras.com\/site\/wp-json\/wp\/v2\/types\/post"}],"author":[{"embeddable":true,"href":"https:\/\/www.notibras.com\/site\/wp-json\/wp\/v2\/users\/2"}],"replies":[{"embeddable":true,"href":"https:\/\/www.notibras.com\/site\/wp-json\/wp\/v2\/comments?post=340940"}],"version-history":[{"count":1,"href":"https:\/\/www.notibras.com\/site\/wp-json\/wp\/v2\/posts\/340940\/revisions"}],"predecessor-version":[{"id":340942,"href":"https:\/\/www.notibras.com\/site\/wp-json\/wp\/v2\/posts\/340940\/revisions\/340942"}],"wp:featuredmedia":[{"embeddable":true,"href":"https:\/\/www.notibras.com\/site\/wp-json\/wp\/v2\/media\/340941"}],"wp:attachment":[{"href":"https:\/\/www.notibras.com\/site\/wp-json\/wp\/v2\/media?parent=340940"}],"wp:term":[{"taxonomy":"category","embeddable":true,"href":"https:\/\/www.notibras.com\/site\/wp-json\/wp\/v2\/categories?post=340940"},{"taxonomy":"post_tag","embeddable":true,"href":"https:\/\/www.notibras.com\/site\/wp-json\/wp\/v2\/tags?post=340940"}],"curies":[{"name":"wp","href":"https:\/\/api.w.org\/{rel}","templated":true}]}}