{"id":340943,"date":"2024-11-14T00:00:34","date_gmt":"2024-11-14T03:00:34","guid":{"rendered":"https:\/\/www.notibras.com\/site\/?p=340943"},"modified":"2024-11-14T03:43:14","modified_gmt":"2024-11-14T06:43:14","slug":"justica-libera-cultivo-de-cannabis-para-fins-medicinais","status":"publish","type":"post","link":"https:\/\/www.notibras.com\/site\/justica-libera-cultivo-de-cannabis-para-fins-medicinais\/","title":{"rendered":"Justi\u00e7a libera cultivo de cannabis para fins medicinais"},"content":{"rendered":"<p>A Primeira Se\u00e7\u00e3o do Superior Tribunal de Justi\u00e7a (STJ) decidiu nesta quarta-feira (13) autorizar a importa\u00e7\u00e3o de sementes e o cultivo de cannabis (maconha) exclusivamente para fins medicinais, farmac\u00eauticos e industriais.<\/p>\n<p>A decis\u00e3o vale para o chamado c\u00e2nhamo industrial (hemp), variedade de cannabis com percentual menor de 0,3% de tetrahidrocanabinol (THC), princ\u00edpio psicoativo da maconha.<\/p>\n<p>Durante a sess\u00e3o, os ministros entenderam que a concentra\u00e7\u00e3o n\u00e3o \u00e9 considerada entorpecente. Dessa forma, o cultivo n\u00e3o pode ser restringido devido ao baixo teor de THC.<\/p>\n<p>Com a decis\u00e3o, a Ag\u00eancia Nacional de Vigil\u00e2ncia Sanit\u00e1ria (Anvisa) ter\u00e1 prazo de seis meses para regulamentar a quest\u00e3o.<\/p>\n<p>Por unanimidade, o resultado do julgamento foi obtido com o voto proferido pela relatora, ministra Regina Helena Costa. No entendimento da relatora, a baixa concentra\u00e7\u00e3o de THC encontrada no c\u00e2nhamo industrial n\u00e3o pode ser enquadrada nas restri\u00e7\u00f5es da Lei de Drogas, norma que define como crime a compra, porte e transporte de entorpecentes.<\/p>\n<p>&#8220;Conferir ao c\u00e2nhamo industrial o mesmo tratamento proibitivo imposto \u00e0 maconha, desprezando as fundamenta\u00e7\u00f5es cient\u00edficas existentes entre ambos, configura medida notadamente discrepante da teleologia abra\u00e7ada pela Lei de Drogas&#8221;, justificou a ministra.<\/p>\n<p>Regina Helena tamb\u00e9m ressaltou que a proibi\u00e7\u00e3o de uso da cannabis para fins medicinais prejudica a ind\u00fastria nacional e impede o acesso dos pacientes aos tratamentos.<\/p>\n<p>&#8220;A ind\u00fastria nacional n\u00e3o pode produzir, mas pode importar&#8221;, completou a ministra.<\/p>\n<p>A libera\u00e7\u00e3o da cannabis para fins medicinais foi decidida a partir de um recurso de uma empresa de biotecnologia que buscava garantir a explora\u00e7\u00e3o industrial no Brasil. Apesar de a importa\u00e7\u00e3o ser autorizada pela Anvisa, os insumos se tornam caros no mercado nacional.<\/p>\n<p>&nbsp;<\/p>\n","protected":false},"excerpt":{"rendered":"<p>A Primeira Se\u00e7\u00e3o do Superior Tribunal de Justi\u00e7a (STJ) decidiu nesta quarta-feira (13) autorizar a importa\u00e7\u00e3o de sementes e o cultivo de cannabis (maconha) exclusivamente para fins medicinais, farmac\u00eauticos e industriais. A decis\u00e3o vale para o chamado c\u00e2nhamo industrial (hemp), variedade de cannabis com percentual menor de 0,3% de tetrahidrocanabinol (THC), princ\u00edpio psicoativo da maconha. [&hellip;]<\/p>\n","protected":false},"author":2,"featured_media":340944,"comment_status":"closed","ping_status":"closed","sticky":false,"template":"","format":"standard","meta":{"_acf_changed":false,"footnotes":""},"categories":[161],"tags":[],"class_list":["post-340943","post","type-post","status-publish","format-standard","has-post-thumbnail","hentry","category-quadradinho-em-foco"],"acf":[],"_links":{"self":[{"href":"https:\/\/www.notibras.com\/site\/wp-json\/wp\/v2\/posts\/340943","targetHints":{"allow":["GET"]}}],"collection":[{"href":"https:\/\/www.notibras.com\/site\/wp-json\/wp\/v2\/posts"}],"about":[{"href":"https:\/\/www.notibras.com\/site\/wp-json\/wp\/v2\/types\/post"}],"author":[{"embeddable":true,"href":"https:\/\/www.notibras.com\/site\/wp-json\/wp\/v2\/users\/2"}],"replies":[{"embeddable":true,"href":"https:\/\/www.notibras.com\/site\/wp-json\/wp\/v2\/comments?post=340943"}],"version-history":[{"count":1,"href":"https:\/\/www.notibras.com\/site\/wp-json\/wp\/v2\/posts\/340943\/revisions"}],"predecessor-version":[{"id":340945,"href":"https:\/\/www.notibras.com\/site\/wp-json\/wp\/v2\/posts\/340943\/revisions\/340945"}],"wp:featuredmedia":[{"embeddable":true,"href":"https:\/\/www.notibras.com\/site\/wp-json\/wp\/v2\/media\/340944"}],"wp:attachment":[{"href":"https:\/\/www.notibras.com\/site\/wp-json\/wp\/v2\/media?parent=340943"}],"wp:term":[{"taxonomy":"category","embeddable":true,"href":"https:\/\/www.notibras.com\/site\/wp-json\/wp\/v2\/categories?post=340943"},{"taxonomy":"post_tag","embeddable":true,"href":"https:\/\/www.notibras.com\/site\/wp-json\/wp\/v2\/tags?post=340943"}],"curies":[{"name":"wp","href":"https:\/\/api.w.org\/{rel}","templated":true}]}}