{"id":340946,"date":"2024-11-14T00:00:57","date_gmt":"2024-11-14T03:00:57","guid":{"rendered":"https:\/\/www.notibras.com\/site\/?p=340946"},"modified":"2024-11-14T03:47:51","modified_gmt":"2024-11-14T06:47:51","slug":"aumento-de-cotas-em-concurso-publico-tera-regime-de-urgencia","status":"publish","type":"post","link":"https:\/\/www.notibras.com\/site\/aumento-de-cotas-em-concurso-publico-tera-regime-de-urgencia\/","title":{"rendered":"Aumento de cotas em concurso p\u00fablico ter\u00e1 regime de urg\u00eancia"},"content":{"rendered":"<p>A C\u00e2mara dos Deputados aprovou nesta quarta-feira (13) o regime de urg\u00eancia para a tramita\u00e7\u00e3o do projeto de lei 1958\/21, que reserva \u00e0s pessoas pretas e pardas, ind\u00edgenas e quilombolas 30% das vagas oferecidas nos concursos p\u00fablicos no \u00e2mbito da administra\u00e7\u00e3o p\u00fablica federal.<\/p>\n<p>A proposta, de autoria do senador Paulo Paim (PT-RS), j\u00e1 foi aprovada pelo Senado em maio deste ano e passou pela Comiss\u00e3o da Amaz\u00f4nia e dos Povos Origin\u00e1rios e Tradicionais da C\u00e2mara dos Deputados. A urg\u00eancia da proposta na C\u00e2mara foi aprovada por 272 votos favor\u00e1veis e 140 contr\u00e1rios.<\/p>\n<p>O texto aumenta a propor\u00e7\u00e3o das cotas nos concursos p\u00fablicos dos atuais 20% para 30%, al\u00e9m de incluir a popula\u00e7\u00e3o ind\u00edgena e quilombola. Atualmente, as cotas raciais para concursos alcan\u00e7am apenas a popula\u00e7\u00e3o negra (pretos e pardos).<\/p>\n<p>Conforme o projeto, a regra de cotas abranger\u00e1 processos seletivos simplificados e envolver\u00e1 a administra\u00e7\u00e3o p\u00fablica direta, autarquias, funda\u00e7\u00f5es, empresas e sociedades de economia mista controladas pela Uni\u00e3o. O texto prev\u00ea uma revis\u00e3o da pol\u00edtica ap\u00f3s dez anos. A reserva de 30% valer\u00e1 sempre que forem ofertadas duas ou mais vagas e ser\u00e1 aplicada se, eventualmente, surgirem outras durante a validade do concurso.<\/p>\n<p>A relatora da proposta, deputada Carol Dartora (PT-PR) argumenta que o objetivo da proposi\u00e7\u00e3o \u00e9 enfrentar as exclus\u00f5es que alcan\u00e7aram pretos, pardos, ind\u00edgenas e quilombolas de maneira espec\u00edfica e permitir que a pol\u00edtica de cotas alcance seus objetivos mais rapidamente.<\/p>\n<p>\u201cA diversidade de pessoas no servi\u00e7o p\u00fablico amplia os olhares a partir dos quais os problemas pol\u00edticos e sociais s\u00e3o enxergados, aumenta a diversidade de solu\u00e7\u00f5es e aprimora a forma e a execu\u00e7\u00e3o das pol\u00edticas p\u00fablicas. Isso traz maior efici\u00eancia, qualidade, efetividade e efic\u00e1cia ao servi\u00e7o p\u00fablico\u201d, diz a parlamentar.<\/p>\n","protected":false},"excerpt":{"rendered":"<p>A C\u00e2mara dos Deputados aprovou nesta quarta-feira (13) o regime de urg\u00eancia para a tramita\u00e7\u00e3o do projeto de lei 1958\/21, que reserva \u00e0s pessoas pretas e pardas, ind\u00edgenas e quilombolas 30% das vagas oferecidas nos concursos p\u00fablicos no \u00e2mbito da administra\u00e7\u00e3o p\u00fablica federal. A proposta, de autoria do senador Paulo Paim (PT-RS), j\u00e1 foi aprovada [&hellip;]<\/p>\n","protected":false},"author":2,"featured_media":312146,"comment_status":"closed","ping_status":"closed","sticky":false,"template":"","format":"standard","meta":{"_acf_changed":false,"footnotes":""},"categories":[161],"tags":[],"class_list":["post-340946","post","type-post","status-publish","format-standard","has-post-thumbnail","hentry","category-quadradinho-em-foco"],"acf":[],"_links":{"self":[{"href":"https:\/\/www.notibras.com\/site\/wp-json\/wp\/v2\/posts\/340946","targetHints":{"allow":["GET"]}}],"collection":[{"href":"https:\/\/www.notibras.com\/site\/wp-json\/wp\/v2\/posts"}],"about":[{"href":"https:\/\/www.notibras.com\/site\/wp-json\/wp\/v2\/types\/post"}],"author":[{"embeddable":true,"href":"https:\/\/www.notibras.com\/site\/wp-json\/wp\/v2\/users\/2"}],"replies":[{"embeddable":true,"href":"https:\/\/www.notibras.com\/site\/wp-json\/wp\/v2\/comments?post=340946"}],"version-history":[{"count":1,"href":"https:\/\/www.notibras.com\/site\/wp-json\/wp\/v2\/posts\/340946\/revisions"}],"predecessor-version":[{"id":340947,"href":"https:\/\/www.notibras.com\/site\/wp-json\/wp\/v2\/posts\/340946\/revisions\/340947"}],"wp:featuredmedia":[{"embeddable":true,"href":"https:\/\/www.notibras.com\/site\/wp-json\/wp\/v2\/media\/312146"}],"wp:attachment":[{"href":"https:\/\/www.notibras.com\/site\/wp-json\/wp\/v2\/media?parent=340946"}],"wp:term":[{"taxonomy":"category","embeddable":true,"href":"https:\/\/www.notibras.com\/site\/wp-json\/wp\/v2\/categories?post=340946"},{"taxonomy":"post_tag","embeddable":true,"href":"https:\/\/www.notibras.com\/site\/wp-json\/wp\/v2\/tags?post=340946"}],"curies":[{"name":"wp","href":"https:\/\/api.w.org\/{rel}","templated":true}]}}