{"id":340948,"date":"2024-11-14T00:00:28","date_gmt":"2024-11-14T03:00:28","guid":{"rendered":"https:\/\/www.notibras.com\/site\/?p=340948"},"modified":"2024-11-14T03:54:59","modified_gmt":"2024-11-14T06:54:59","slug":"planetario-recebe-exposicao-de-astrofisicos-negros","status":"publish","type":"post","link":"https:\/\/www.notibras.com\/site\/planetario-recebe-exposicao-de-astrofisicos-negros\/","title":{"rendered":"Planet\u00e1rio recebe exposi\u00e7\u00e3o de astrof\u00edsicos negros"},"content":{"rendered":"<p>Est\u00e1 aberta ao p\u00fablico a Exposi\u00e7\u00e3o Astrof\u00edsica dos Corpos Negros, no Planet\u00e1rio de Bras\u00edlia. A entrada \u00e9 gratuita. O evento vai at\u00e9 o dia 28 de dezembro.<\/p>\n<p>A exposi\u00e7\u00e3o trata de forma l\u00fadica sobre estrelas luminosas, raios c\u00f3smicos, nebulosas planet\u00e1rias e outros temas da astrof\u00edsica.<\/p>\n<p>O nome do projeto foi pensando tamb\u00e9m para mostrar o trabalho dos astrof\u00edsicos negros e fomentar a reflex\u00e3o sobre a pouca representatividade das pessoas negras no mundo cient\u00edfico.<\/p>\n<p>\u201cN\u00f3s temos a inten\u00e7\u00e3o de incentivar crian\u00e7as a sonharem com a possibilidade de descobrir o c\u00e9u tamb\u00e9m, principalmente as crian\u00e7as negras, as crian\u00e7as da periferia, da escola p\u00fablica, que n\u00e3o se enxergam como cientistas, porque n\u00e3o t\u00eam muitos modelos de cientistas negros\u201d, destaca Eliade Ferreira Lima, professora, astrof\u00edsica e coordenadora da exposi\u00e7\u00e3o.<\/p>\n<p>A exposi\u00e7\u00e3o tem tamb\u00e9m uma vers\u00e3o em site, que apresenta conte\u00fados em v\u00eddeos imersivos em 360\u00ba e com anima\u00e7\u00f5es.<\/p>\n<p>O projeto foi ilustrado pelo artista Camilo Martins e em a participa\u00e7\u00e3o dos pesquisadores Oscar dos Santos Borba e Liandra Ramos, da Universidade Federal do Pampa (Unipampa), em parceria com os pesquisadores Alan Alves Brito, da Universidade Federal do Rio Grande do Sul (UFRGS), e Rita de Cassia dos Anjos, da Universidade Federal do Paran\u00e1 (UFPR).<\/p>\n<p>A exposi\u00e7\u00e3o tem apoio do Conselho Nacional de Desenvolvimento Cient\u00edfico e Tecnol\u00f3gico (CNPq) e do Fundo Nacional de Desenvolvimento Cient\u00edfico e Tecnol\u00f3gico (FNDCT).<\/p>\n","protected":false},"excerpt":{"rendered":"<p>Est\u00e1 aberta ao p\u00fablico a Exposi\u00e7\u00e3o Astrof\u00edsica dos Corpos Negros, no Planet\u00e1rio de Bras\u00edlia. A entrada \u00e9 gratuita. O evento vai at\u00e9 o dia 28 de dezembro. A exposi\u00e7\u00e3o trata de forma l\u00fadica sobre estrelas luminosas, raios c\u00f3smicos, nebulosas planet\u00e1rias e outros temas da astrof\u00edsica. O nome do projeto foi pensando tamb\u00e9m para mostrar o [&hellip;]<\/p>\n","protected":false},"author":2,"featured_media":340949,"comment_status":"closed","ping_status":"closed","sticky":false,"template":"","format":"standard","meta":{"_acf_changed":false,"footnotes":""},"categories":[161],"tags":[],"class_list":["post-340948","post","type-post","status-publish","format-standard","has-post-thumbnail","hentry","category-quadradinho-em-foco"],"acf":[],"_links":{"self":[{"href":"https:\/\/www.notibras.com\/site\/wp-json\/wp\/v2\/posts\/340948","targetHints":{"allow":["GET"]}}],"collection":[{"href":"https:\/\/www.notibras.com\/site\/wp-json\/wp\/v2\/posts"}],"about":[{"href":"https:\/\/www.notibras.com\/site\/wp-json\/wp\/v2\/types\/post"}],"author":[{"embeddable":true,"href":"https:\/\/www.notibras.com\/site\/wp-json\/wp\/v2\/users\/2"}],"replies":[{"embeddable":true,"href":"https:\/\/www.notibras.com\/site\/wp-json\/wp\/v2\/comments?post=340948"}],"version-history":[{"count":1,"href":"https:\/\/www.notibras.com\/site\/wp-json\/wp\/v2\/posts\/340948\/revisions"}],"predecessor-version":[{"id":340950,"href":"https:\/\/www.notibras.com\/site\/wp-json\/wp\/v2\/posts\/340948\/revisions\/340950"}],"wp:featuredmedia":[{"embeddable":true,"href":"https:\/\/www.notibras.com\/site\/wp-json\/wp\/v2\/media\/340949"}],"wp:attachment":[{"href":"https:\/\/www.notibras.com\/site\/wp-json\/wp\/v2\/media?parent=340948"}],"wp:term":[{"taxonomy":"category","embeddable":true,"href":"https:\/\/www.notibras.com\/site\/wp-json\/wp\/v2\/categories?post=340948"},{"taxonomy":"post_tag","embeddable":true,"href":"https:\/\/www.notibras.com\/site\/wp-json\/wp\/v2\/tags?post=340948"}],"curies":[{"name":"wp","href":"https:\/\/api.w.org\/{rel}","templated":true}]}}