{"id":340951,"date":"2024-11-14T00:00:27","date_gmt":"2024-11-14T03:00:27","guid":{"rendered":"https:\/\/www.notibras.com\/site\/?p=340951"},"modified":"2024-11-14T04:03:14","modified_gmt":"2024-11-14T07:03:14","slug":"morador-de-planaltina-leva-maior-premio-do-nota-legal","status":"publish","type":"post","link":"https:\/\/www.notibras.com\/site\/morador-de-planaltina-leva-maior-premio-do-nota-legal\/","title":{"rendered":"Morador de Planaltina leva maior pr\u00eamio do Nota Legal"},"content":{"rendered":"<p>O Programa Nota Legal realizou mais um sorteio, nesta quarta-feira (13) com pr\u00eamio total de R$ 3 milh\u00f5es. Mais de 1 milh\u00e3o de consumidores do Distrito Federal participaram da segunda edi\u00e7\u00e3o do sorteio.<\/p>\n<p>O segundo pr\u00eamio, no valor de R$ 200 mil, foi para um morador do Gama, com uma compra de R$ 197; e o terceiro pr\u00eamio, para um morador de Sobradinho, tamb\u00e9m no valor de R$ 200 mil, que efetuou gastos de R$ 1.400.<\/p>\n<p>Desde o \u00faltimo sorteio, realizado no 1\u00ba semestre de 2024, a Secretaria de Economia registrou um aumento no n\u00famero de participantes de 4,25% , o que representa 41.675 pessoas a mais concorrendo aos pr\u00eamios.<\/p>\n<p>Para o secret\u00e1rio-executivo de Fazenda da Secretaria de Economia, Jos\u00e9 Itamar Feitosa, o consumidor tem uma motiva\u00e7\u00e3o a mais para participar do programa em raz\u00e3o do sorteio. \u201cCom o Nota Legal, tentamos estabelecer e sedimentar o conceito de cidadania e educa\u00e7\u00e3o fiscal\u201d, disse ele. \u201c\u00c9 preciso refor\u00e7ar que isso fomenta os benef\u00edcios disponibilizados pelo GDF, como restaurantes comunit\u00e1rios, obras de infraestrutura e sal\u00e1rios\u201d, completou.<\/p>\n<p>\u201cEste sorteio provou que n\u00e3o \u00e9 preciso gastar muito para ser sorteado\u201d, comentou o subsecret\u00e1rio da Receita, Anderson Borges Roepke. \u201cO importante \u00e9 sensibilizar o consumidor a pedir sempre a nota fiscal, mesmo que a compra seja de pouco valor\u201d.<\/p>\n<p>Desde o dia 13 de agosto, o sistema selecionou as pessoas cadastradas no programa Nota Legal habilitadas a participar do sorteio. Para tanto, o consumidor n\u00e3o podia ter d\u00e9bitos administrados pela SEEC. Essa etapa durou at\u00e9 4 de setembro, quando 1.236.762 consumidores foram considerados aptos.<\/p>\n<p>O secret\u00e1rio-executivo de Fazenda da Secretaria de Economia, Jos\u00e9 Itamar Feitosa, e o subsecret\u00e1rio da Receita, Anderson Borges Roepke, acompanharam o sorteio ao vivo pelo Youtube, no canal da Secretaria de Economia<\/p>\n<p>Ap\u00f3s a valida\u00e7\u00e3o dos documentos dos consumidores, em 9 de outubro, foram definidos os documentos fiscais aptos a participarem do sorteio, porque nem todo contribuinte habilitado havia solicitado o CPF na nota. Com isso, o total de consumidores efetivamente participando do sorteio chegou ao n\u00famero de 1.021.329.<\/p>\n<p>Para garantir a transpar\u00eancia do sorteio eletr\u00f4nico, o DODF publicou antecipadamente os arquivos criptografados dos bilhetes, juntamente com o n\u00famero e data do concurso da Loteria Federal utilizado no sorteio.<\/p>\n<p>Os consumidores j\u00e1 podem verificar se foram ou n\u00e3o sorteados acessando, com o seu CPF e senha, a \u00e1rea restrita do Portal Nota Legal. Al\u00e9m disso, receber\u00e3o uma mensagem no e-mail cadastrado, com a informa\u00e7\u00e3o do pr\u00eamio e a orienta\u00e7\u00e3o para acessar o portal, indicando o n\u00famero da conta corrente ou poupan\u00e7a onde desejam receber o valor.<\/p>\n<p>Para participar dos sorteios do Programa Nota Legal, as pessoas f\u00edsicas devem estar cadastradas no programa, n\u00e3o ter d\u00e9bitos com a Receita do DF e informar o n\u00famero do CPF nas compras efetuadas no per\u00edodo anterior aos 2 sorteios programados para o ano.<\/p>\n<p>A partir do ano que vem, o pr\u00eamio m\u00e1ximo do sorteio do programa Nota Legal vai dobrar de valor, passando de R$ 500 mil para R$ 1 milh\u00e3o.<\/p>\n<p>A partir de 2025 os pr\u00eamios ser\u00e3o divididos desta forma:<\/p>\n<p><strong>* 1 pr\u00eamio de R$ 1 milh\u00e3o<\/strong><br \/>\n<strong>* 2 pr\u00eamios de R$ 200 mil<\/strong><br \/>\n<strong>* 3 pr\u00eamios de R$ 100 mil<\/strong><br \/>\n<strong>* 4 pr\u00eamios de R$ 50 mil<\/strong><br \/>\n<strong>* 10 pr\u00eamios de R$ 10 mil<\/strong><br \/>\n<strong>* 30 pr\u00eamios de R$ 5 mil<\/strong><br \/>\n<strong>* 50 pr\u00eamios de R$ 1 mil<\/strong><br \/>\n<strong>* 500 pr\u00eamios de R$ 200<\/strong><br \/>\n<strong>* 12.000 pr\u00eamios de R$ 100<\/strong><\/p>\n<p>A Secretaria de Economia orienta que o consumidor pe\u00e7a o CPF na nota sempre, em todas as suas compras, mesmo as de pequeno valor ou aquelas que n\u00e3o d\u00e3o cr\u00e9ditos, como aquisi\u00e7\u00e3o de combust\u00edveis, por exemplo. Quanto mais bilhetes, mais chances de ser sorteado.<\/p>\n","protected":false},"excerpt":{"rendered":"<p>O Programa Nota Legal realizou mais um sorteio, nesta quarta-feira (13) com pr\u00eamio total de R$ 3 milh\u00f5es. Mais de 1 milh\u00e3o de consumidores do Distrito Federal participaram da segunda edi\u00e7\u00e3o do sorteio. O segundo pr\u00eamio, no valor de R$ 200 mil, foi para um morador do Gama, com uma compra de R$ 197; e [&hellip;]<\/p>\n","protected":false},"author":2,"featured_media":340952,"comment_status":"closed","ping_status":"closed","sticky":false,"template":"","format":"standard","meta":{"_acf_changed":false,"footnotes":""},"categories":[161],"tags":[],"class_list":["post-340951","post","type-post","status-publish","format-standard","has-post-thumbnail","hentry","category-quadradinho-em-foco"],"acf":[],"_links":{"self":[{"href":"https:\/\/www.notibras.com\/site\/wp-json\/wp\/v2\/posts\/340951","targetHints":{"allow":["GET"]}}],"collection":[{"href":"https:\/\/www.notibras.com\/site\/wp-json\/wp\/v2\/posts"}],"about":[{"href":"https:\/\/www.notibras.com\/site\/wp-json\/wp\/v2\/types\/post"}],"author":[{"embeddable":true,"href":"https:\/\/www.notibras.com\/site\/wp-json\/wp\/v2\/users\/2"}],"replies":[{"embeddable":true,"href":"https:\/\/www.notibras.com\/site\/wp-json\/wp\/v2\/comments?post=340951"}],"version-history":[{"count":1,"href":"https:\/\/www.notibras.com\/site\/wp-json\/wp\/v2\/posts\/340951\/revisions"}],"predecessor-version":[{"id":340953,"href":"https:\/\/www.notibras.com\/site\/wp-json\/wp\/v2\/posts\/340951\/revisions\/340953"}],"wp:featuredmedia":[{"embeddable":true,"href":"https:\/\/www.notibras.com\/site\/wp-json\/wp\/v2\/media\/340952"}],"wp:attachment":[{"href":"https:\/\/www.notibras.com\/site\/wp-json\/wp\/v2\/media?parent=340951"}],"wp:term":[{"taxonomy":"category","embeddable":true,"href":"https:\/\/www.notibras.com\/site\/wp-json\/wp\/v2\/categories?post=340951"},{"taxonomy":"post_tag","embeddable":true,"href":"https:\/\/www.notibras.com\/site\/wp-json\/wp\/v2\/tags?post=340951"}],"curies":[{"name":"wp","href":"https:\/\/api.w.org\/{rel}","templated":true}]}}