{"id":340954,"date":"2024-11-14T04:19:02","date_gmt":"2024-11-14T07:19:02","guid":{"rendered":"https:\/\/www.notibras.com\/site\/?p=340954"},"modified":"2024-11-14T04:22:01","modified_gmt":"2024-11-14T07:22:01","slug":"caneco-vira-o-isopor-e-some-com-os-pes-de-porco","status":"publish","type":"post","link":"https:\/\/www.notibras.com\/site\/caneco-vira-o-isopor-e-some-com-os-pes-de-porco\/","title":{"rendered":"Caneco vira o isopor e some com os p\u00e9s de porco"},"content":{"rendered":"<p>Leopoldo, o mec\u00e2nico mais afamado de Samambaia, gostava de acordar tarde, mas precisava abrir a oficina logo cedo, ainda mais porque havia clientes saindo pelo ladr\u00e3o. E, por falar em apreciadores do alheio, eis que aconteceu algo por esses dias, que deixou o gajo de cabelo em p\u00e9.<\/p>\n<p>Como era s\u00e1bado, um dos clientes, o Vicente, resolveu fazer um churrasquinho enquanto esperava o Leopoldo consertar seu autom\u00f3vel, um Opala 1973, verde que nem abacate. Colocou carv\u00e3o na pequena churrasqueira e ficou por quase meia hora tentando acender o fogo, mas nada. Nisso, o churrasqueiro de primeira viagem foi buscar socorro no Gilmarildo, que sempre andava por ali na ca\u00e7a de boa prosa.<\/p>\n<p>\u2014 Gilmarildo, tudo bem?<\/p>\n<p>\u2014 Opa, Vicente! Tudo certo! E com voc\u00ea?<\/p>\n<p>\u2014 Tudo. Voc\u00ea pode me dar uma for\u00e7a?<\/p>\n<p>\u2014 Diga l\u00e1!<\/p>\n<p>\u2014 Sabe acender fogo?<\/p>\n<p>\u2014 Quer incendiar o qu\u00ea, homem?<\/p>\n<p>\u2014 O carv\u00e3o ali.<\/p>\n<p>\u2014 Hum&#8230; Vai rolar um churrasquinho?<\/p>\n<p>\u2014 \u00c9. Comprei um cupim e uns p\u00e9s de porco.<\/p>\n<p>Gilmarildo, com toda sua expertise de churrasqueiro, conseguiu acender o fogo em poucos minutos, para alegria do colega. No entanto, tal regozijo se transformou em desespero em seguida. \u00c9 que o Vicente havia colocado as carnes dentro de uma caixa de isopor, que agora estava ali tombada e destampada.<\/p>\n<p>\u2014 U\u00e9, cad\u00ea meu cupim? Cad\u00ea meus p\u00e9s de porco? &#8211; Vicente choramingou.<\/p>\n<p>Busca daqui, busca de l\u00e1, busca at\u00e9 de acol\u00e1, mas nada de encontrar a carne. Quer dizer, o Leopoldo, percebendo aquela quizumba, ficou cabreiro e, bobo que n\u00e3o era, logo percebeu que naquele mato tinha coelho. Ali\u00e1s, cachorro!<\/p>\n<p>N\u00e3o tardou, o mec\u00e2nico encontrou o Caneco, o vira-lata da oficina, debaixo do Opala do Vicente, degustando os p\u00e9s de porco. Quanto ao cupim, nem sinal. Certamente j\u00e1 estava no bucho do cachorro.<\/p>\n<p>Para evitar imbr\u00f3glio com o cliente, Leopoldo resolveu pedir no a\u00e7ougue ao lado um cupim e quatro p\u00e9s de porco. Todavia, manteve em segredo a falcatrua do seu funcion\u00e1rio de quatro patas. Afinal, apesar de aprontar de vez em quando, era o que lhe dava menos dor de cabe\u00e7a.<\/p>\n<p><strong>*Eduardo Mart\u00ednez \u00e9 autor do livro \u201c57 Contos e Cr\u00f4nicas por um Autor muito Velho\u201d.<\/strong><\/p>\n<p>Compre aqui\u00a0<span class=\"x19la9d6 x1fc57z9 x6ikm8r x10wlt62 x19co3pv x1g5zs5t xfibh0p xiy17q3 x1xsqp64 x1lkfr7t xexx8yu x4uap5 x18d9i69 xkhd6sd\"><span class=\"xrtxmta x1bhl96m\"><img decoding=\"async\" class=\"emoji\" role=\"img\" draggable=\"false\" src=\"https:\/\/s.w.org\/images\/core\/emoji\/14.0.0\/svg\/1f447-1f3ff.svg\" alt=\"&#x1f447;&#x1f3ff;\" \/><\/span><\/span><span class=\"x19la9d6 x1fc57z9 x6ikm8r x10wlt62 x19co3pv x1g5zs5t xfibh0p xiy17q3 x1xsqp64 x1lkfr7t xexx8yu x4uap5 x18d9i69 xkhd6sd\"><span class=\"xrtxmta x1bhl96m\"><img decoding=\"async\" class=\"emoji\" role=\"img\" draggable=\"false\" src=\"https:\/\/s.w.org\/images\/core\/emoji\/14.0.0\/svg\/1f447-1f3ff.svg\" alt=\"&#x1f447;&#x1f3ff;\" \/><\/span><\/span><span class=\"x19la9d6 x1fc57z9 x6ikm8r x10wlt62 x19co3pv x1g5zs5t xfibh0p xiy17q3 x1xsqp64 x1lkfr7t xexx8yu x4uap5 x18d9i69 xkhd6sd\"><span class=\"xrtxmta x1bhl96m\"><img decoding=\"async\" class=\"emoji\" role=\"img\" draggable=\"false\" src=\"https:\/\/s.w.org\/images\/core\/emoji\/14.0.0\/svg\/1f447-1f3ff.svg\" alt=\"&#x1f447;&#x1f3ff;\" \/><\/span><\/span><\/p>\n<p><a href=\"http:\/\/www.joanineditora.com.br\/57-contos-e-cronicas-por-um-autor-muito-velho\">http:\/\/www.joanineditora.com.br\/57-contos-e-cronicas-por-um-autor-muito-velho<\/a><\/p>\n","protected":false},"excerpt":{"rendered":"<p>Leopoldo, o mec\u00e2nico mais afamado de Samambaia, gostava de acordar tarde, mas precisava abrir a oficina logo cedo, ainda mais porque havia clientes saindo pelo ladr\u00e3o. E, por falar em apreciadores do alheio, eis que aconteceu algo por esses dias, que deixou o gajo de cabelo em p\u00e9. Como era s\u00e1bado, um dos clientes, o [&hellip;]<\/p>\n","protected":false},"author":2,"featured_media":340955,"comment_status":"closed","ping_status":"closed","sticky":false,"template":"","format":"standard","meta":{"_acf_changed":false,"footnotes":""},"categories":[161],"tags":[],"class_list":["post-340954","post","type-post","status-publish","format-standard","has-post-thumbnail","hentry","category-quadradinho-em-foco"],"acf":[],"_links":{"self":[{"href":"https:\/\/www.notibras.com\/site\/wp-json\/wp\/v2\/posts\/340954","targetHints":{"allow":["GET"]}}],"collection":[{"href":"https:\/\/www.notibras.com\/site\/wp-json\/wp\/v2\/posts"}],"about":[{"href":"https:\/\/www.notibras.com\/site\/wp-json\/wp\/v2\/types\/post"}],"author":[{"embeddable":true,"href":"https:\/\/www.notibras.com\/site\/wp-json\/wp\/v2\/users\/2"}],"replies":[{"embeddable":true,"href":"https:\/\/www.notibras.com\/site\/wp-json\/wp\/v2\/comments?post=340954"}],"version-history":[{"count":4,"href":"https:\/\/www.notibras.com\/site\/wp-json\/wp\/v2\/posts\/340954\/revisions"}],"predecessor-version":[{"id":340959,"href":"https:\/\/www.notibras.com\/site\/wp-json\/wp\/v2\/posts\/340954\/revisions\/340959"}],"wp:featuredmedia":[{"embeddable":true,"href":"https:\/\/www.notibras.com\/site\/wp-json\/wp\/v2\/media\/340955"}],"wp:attachment":[{"href":"https:\/\/www.notibras.com\/site\/wp-json\/wp\/v2\/media?parent=340954"}],"wp:term":[{"taxonomy":"category","embeddable":true,"href":"https:\/\/www.notibras.com\/site\/wp-json\/wp\/v2\/categories?post=340954"},{"taxonomy":"post_tag","embeddable":true,"href":"https:\/\/www.notibras.com\/site\/wp-json\/wp\/v2\/tags?post=340954"}],"curies":[{"name":"wp","href":"https:\/\/api.w.org\/{rel}","templated":true}]}}