{"id":340990,"date":"2024-11-14T13:50:35","date_gmt":"2024-11-14T16:50:35","guid":{"rendered":"https:\/\/www.notibras.com\/site\/?p=340990"},"modified":"2024-11-14T13:50:35","modified_gmt":"2024-11-14T16:50:35","slug":"ingerencia-politica-ameaca-tirar-oab-das-maos-dos-advogados","status":"publish","type":"post","link":"https:\/\/www.notibras.com\/site\/ingerencia-politica-ameaca-tirar-oab-das-maos-dos-advogados\/","title":{"rendered":"Inger\u00eancia pol\u00edtica amea\u00e7a tirar OAB das m\u00e3os dos advogados"},"content":{"rendered":"<p>A EPTG, desde a sa\u00edda do T\u00fanel Rei Pel\u00e9 no sentido \u00c1guas Claras, vai ficar estreita nesta sexta, dia 15 de novembro. \u00c9 que advogados de \u00c1guas Claras, Taguatinga, Ceil\u00e2ndia, Samambaia, Riacho Fundo e adjac\u00eancias decidiram engrossar a carreata, que largar\u00e1 \u00e0s 14 horas do comit\u00ea de campanha do grupo de \u00c1guas Claras, promovendo a import\u00e2ncia de uma chapa independente na subse\u00e7\u00e3o local da OAB.<\/p>\n<p>A ideia \u00e9 marcar uma posi\u00e7\u00e3o clara: a luta por uma gest\u00e3o que n\u00e3o esteja atrelada a partidos pol\u00edticos, a interesses de deputados ou a influ\u00eancias governamentais. O movimento reflete o desejo de uma atua\u00e7\u00e3o focada na advocacia e sem influ\u00eancias por quest\u00f5es externas, como pol\u00edtica partid\u00e1ria.<\/p>\n<p>Nenhuma trajet\u00f3ria contr\u00e1ria &#8211; revelou um dos integrantes do grupo -, abrir\u00e1 o caminho de uma OAB que represente verdadeiramente os interesses dos advogados e da sociedade civil.<\/p>\n<p>O movimento parece ecoar o sentimento de muitos profissionais que enxergam a Ordem como um espa\u00e7o que deve ser, antes de tudo, uma voz firme na defesa da justi\u00e7a e dos direitos humanos, que n\u00e3o seja usada como plataforma para interesses pol\u00edticos ou projetos pessoais.<\/p>\n<p>A carreata pretende ressaltar valores fundamentais, como a independ\u00eancia, a democracia e a promessa de uma advocacia plural e sem inclina\u00e7\u00f5es de qualquer cor partid\u00e1ria.<\/p>\n<p>Independentemente do clima \u2013 seja sob um c\u00e9u ensolarado ou com chuva \u2013, o evento servir\u00e1 para antecipar o futuro da OAB em \u00c1guas Claras. &#8220;Vamos expressar o papel da advocacia em uma sociedade que valoriza a pluralidade e defende a justi\u00e7a para todos. Cada carro da carreata ser\u00e1 um lembrete de que o compromisso dos advogados com a verdade e a liberdade transcende interesses pessoais e moment\u00e2neos&#8221;, pontuou outro integrante do comit\u00ea de campanha.<\/p>\n","protected":false},"excerpt":{"rendered":"<p>A EPTG, desde a sa\u00edda do T\u00fanel Rei Pel\u00e9 no sentido \u00c1guas Claras, vai ficar estreita nesta sexta, dia 15 de novembro. \u00c9 que advogados de \u00c1guas Claras, Taguatinga, Ceil\u00e2ndia, Samambaia, Riacho Fundo e adjac\u00eancias decidiram engrossar a carreata, que largar\u00e1 \u00e0s 14 horas do comit\u00ea de campanha do grupo de \u00c1guas Claras, promovendo a [&hellip;]<\/p>\n","protected":false},"author":2,"featured_media":340991,"comment_status":"closed","ping_status":"closed","sticky":false,"template":"","format":"standard","meta":{"_acf_changed":false,"footnotes":""},"categories":[161],"tags":[],"class_list":["post-340990","post","type-post","status-publish","format-standard","has-post-thumbnail","hentry","category-quadradinho-em-foco"],"acf":[],"_links":{"self":[{"href":"https:\/\/www.notibras.com\/site\/wp-json\/wp\/v2\/posts\/340990","targetHints":{"allow":["GET"]}}],"collection":[{"href":"https:\/\/www.notibras.com\/site\/wp-json\/wp\/v2\/posts"}],"about":[{"href":"https:\/\/www.notibras.com\/site\/wp-json\/wp\/v2\/types\/post"}],"author":[{"embeddable":true,"href":"https:\/\/www.notibras.com\/site\/wp-json\/wp\/v2\/users\/2"}],"replies":[{"embeddable":true,"href":"https:\/\/www.notibras.com\/site\/wp-json\/wp\/v2\/comments?post=340990"}],"version-history":[{"count":1,"href":"https:\/\/www.notibras.com\/site\/wp-json\/wp\/v2\/posts\/340990\/revisions"}],"predecessor-version":[{"id":340992,"href":"https:\/\/www.notibras.com\/site\/wp-json\/wp\/v2\/posts\/340990\/revisions\/340992"}],"wp:featuredmedia":[{"embeddable":true,"href":"https:\/\/www.notibras.com\/site\/wp-json\/wp\/v2\/media\/340991"}],"wp:attachment":[{"href":"https:\/\/www.notibras.com\/site\/wp-json\/wp\/v2\/media?parent=340990"}],"wp:term":[{"taxonomy":"category","embeddable":true,"href":"https:\/\/www.notibras.com\/site\/wp-json\/wp\/v2\/categories?post=340990"},{"taxonomy":"post_tag","embeddable":true,"href":"https:\/\/www.notibras.com\/site\/wp-json\/wp\/v2\/tags?post=340990"}],"curies":[{"name":"wp","href":"https:\/\/api.w.org\/{rel}","templated":true}]}}