{"id":341009,"date":"2024-11-15T00:06:55","date_gmt":"2024-11-15T03:06:55","guid":{"rendered":"https:\/\/www.notibras.com\/site\/?p=341009"},"modified":"2024-11-15T06:11:53","modified_gmt":"2024-11-15T09:11:53","slug":"prerrogativas-sao-pilar-da-defesa-dos-direitos-e-liberdades","status":"publish","type":"post","link":"https:\/\/www.notibras.com\/site\/prerrogativas-sao-pilar-da-defesa-dos-direitos-e-liberdades\/","title":{"rendered":"Prerrogativas s\u00e3o pilar da defesa dos direitos e liberdades"},"content":{"rendered":"<p>A advocacia brasileira carrega uma miss\u00e3o que ultrapassa a defesa de casos particulares. Historicamente, tem sido uma das principais defensoras das liberdades individuais, dos direitos humanos e do pr\u00f3prio Estado Democr\u00e1tico de Direito. Para entender esse papel, \u00e9 necess\u00e1rio um olhar atento ao desenvolvimento das prerrogativas e \u00e0 rela\u00e7\u00e3o entre a advocacia e os direitos fundamentais ao longo do \u00faltimo s\u00e9culo, marcados por lutas e conquistas em nome da sociedade.<\/p>\n<p>O s\u00e9culo XX trouxe grandes mudan\u00e7as para o Brasil e para a advocacia, que se estruturava enquanto classe essencial para a sociedade. Desde 1930, a cria\u00e7\u00e3o da Ordem dos Advogados do Brasil (OAB) representou um marco hist\u00f3rico, consolidando um sistema de prote\u00e7\u00e3o para a categoria e lan\u00e7ando as bases das prerrogativas profissionais. Essas prerrogativas foram definidas n\u00e3o apenas como direitos dos advogados, mas, sobretudo, como garantias para o exerc\u00edcio da advocacia em defesa dos cidad\u00e3os.<\/p>\n<p>Entre as prerrogativas fundamentais, destacam-se o sigilo profissional, a inviolabilidade do escrit\u00f3rio, a garantia de ampla defesa, e a livre comunica\u00e7\u00e3o entre advogado e cliente, inclusive em momentos de reclus\u00e3o. No entanto, a constru\u00e7\u00e3o desse arcabou\u00e7o de direitos n\u00e3o foi simples. Em cada fase de nossa hist\u00f3ria, especialmente nos momentos de crise pol\u00edtica e social, a advocacia se viu desafiada a lutar para garantir o respeito \u00e0s suas prerrogativas.<\/p>\n<p><strong>Defensora das liberdades<\/strong><br \/>\nDurante a ditadura militar (1964-1985), a OAB desempenhou um papel essencial na defesa dos direitos humanos e na den\u00fancia de abusos contra os cidad\u00e3os. Em um ambiente marcado pela censura, pela repress\u00e3o e pelo cerceamento das liberdades, advogados e advogadas se uniram para garantir que a Justi\u00e7a fosse uma possibilidade real para aqueles que se viam perseguidos pelo Estado. Esse per\u00edodo, talvez mais que qualquer outro, solidificou a imagem da advocacia brasileira como defensora das liberdades e da dignidade.<\/p>\n<p>A atua\u00e7\u00e3o da OAB, que inclu\u00eda desde a representa\u00e7\u00e3o de perseguidos pol\u00edticos at\u00e9 a produ\u00e7\u00e3o de relat\u00f3rios de den\u00fancias de tortura, ressoou por toda a sociedade. Muitos advogados enfrentaram amea\u00e7as e repres\u00e1lias, e alguns pagaram com a pr\u00f3pria liberdade e at\u00e9 a vida pelo compromisso com a justi\u00e7a e a defesa de direitos. Foi essa coragem que fortaleceu a vis\u00e3o da advocacia como uma profiss\u00e3o a servi\u00e7o da liberdade e da dignidade.<\/p>\n<p><strong>Redemocratiza\u00e7\u00e3o e prerrogativas<\/strong><br \/>\nCom a redemocratiza\u00e7\u00e3o nos anos 1980, o papel da advocacia se expandiu. A Constitui\u00e7\u00e3o Federal de 1988 reafirmou a import\u00e2ncia das prerrogativas, assegurando aos advogados e advogadas o papel de indispens\u00e1veis \u00e0 administra\u00e7\u00e3o da Justi\u00e7a (art. 133). Esse reconhecimento constitucional n\u00e3o foi um privil\u00e9gio, mas sim uma garantia para que todos os cidad\u00e3os pudessem ter acesso a uma defesa justa e imparcial.<\/p>\n<p>Durante esse per\u00edodo, a advocacia consolidou-se como voz ativa nas discuss\u00f5es sobre direitos humanos e pol\u00edticas p\u00fablicas, cobrando transpar\u00eancia, respeito \u00e0s leis e defesa dos princ\u00edpios democr\u00e1ticos. A luta por prerrogativas ganhou novos contornos, uma vez que o pa\u00eds enfrentava desafios complexos, como a consolida\u00e7\u00e3o do Estado de Direito, o combate \u00e0 impunidade e a cria\u00e7\u00e3o de mecanismos efetivos de prote\u00e7\u00e3o \u00e0 cidadania.<\/p>\n<p><strong>Desafios contempor\u00e2neos<\/strong><br \/>\nNas \u00faltimas d\u00e9cadas, as prerrogativas da advocacia t\u00eam sido testadas por novos desafios. Em um contexto marcado pela polariza\u00e7\u00e3o pol\u00edtica, pelos avan\u00e7os tecnol\u00f3gicos e pela necessidade de garantir direitos em um ambiente cada vez mais complexo, a advocacia segue na linha de frente. Quest\u00f5es como a privacidade dos dados, o combate \u00e0 corrup\u00e7\u00e3o e a defesa dos direitos fundamentais tornaram-se temas centrais na pauta da OAB e de toda a classe.<\/p>\n<p>Por\u00e9m, observa-se uma postura preocupante da Ordem em rela\u00e7\u00e3o \u00e0 defesa de seus advogados em tempos recentes. Em epis\u00f3dios como o de 8 de janeiro, foi poss\u00edvel perceber um acovardamento institucional, deixando advogados expostos em sua atua\u00e7\u00e3o profissional e fragilizando as prerrogativas que deveriam ser o alicerce de uma atua\u00e7\u00e3o independente. A OAB, que j\u00e1 se levantou em prol de advogados amea\u00e7ados e perseguidos, deixou de se posicionar de forma firme e intransigente, causando inquieta\u00e7\u00e3o entre aqueles que ainda veem a advocacia como instrumento de defesa das liberdades e dos direitos humanos. \u00c9 imperativo que a Ordem retome a defesa plena dessas prerrogativas para que os advogados possam atuar com seguran\u00e7a e independ\u00eancia.<\/p>\n<p><strong>Desafios e compromissos<\/strong><br \/>\nA hist\u00f3ria da advocacia no Brasil \u00e9 a hist\u00f3ria da luta por direitos e liberdades. Ao longo do tempo, a advocacia tem enfrentado o desafio de manter suas prerrogativas respeitadas, garantindo que cada cidad\u00e3o tenha acesso \u00e0 Justi\u00e7a. Mas, ao mesmo tempo, esse hist\u00f3rico imp\u00f5e uma responsabilidade: a de continuar sendo uma for\u00e7a ativa e representativa em defesa dos princ\u00edpios democr\u00e1ticos.<\/p>\n<p>\u00c9 essencial que advogados e advogadas, ao atuarem em cada processo, lembrem-se de que sua atua\u00e7\u00e3o transcende o caso individual, sendo uma pe\u00e7a fundamental na engrenagem da sociedade democr\u00e1tica. Defender as prerrogativas \u00e9 defender o direito de cada cidad\u00e3o a um julgamento justo, \u00e0 liberdade e \u00e0 dignidade.<\/p>\n<p>O legado constru\u00eddo no s\u00e9culo XX e expandido nas \u00faltimas d\u00e9cadas mostra que a advocacia tem uma miss\u00e3o maior do que a simples representa\u00e7\u00e3o legal: ela \u00e9 guardi\u00e3 dos direitos humanos, das liberdades individuais e da democracia. Que possamos honrar essa miss\u00e3o, relembrando o passado, enfrentando os desafios do presente e projetando um futuro onde as prerrogativas sigam sendo um escudo protetor dos direitos e das liberdades de todos os brasileiros.<\/p>\n<p>&#8230;&#8230;.<\/p>\n<p><strong>Everardo Gueiros \u00e9 candidato \u00e0 presid\u00eancia da seccional da OAB em Bras\u00edlia<\/strong><\/p>\n","protected":false},"excerpt":{"rendered":"<p>A advocacia brasileira carrega uma miss\u00e3o que ultrapassa a defesa de casos particulares. Historicamente, tem sido uma das principais defensoras das liberdades individuais, dos direitos humanos e do pr\u00f3prio Estado Democr\u00e1tico de Direito. Para entender esse papel, \u00e9 necess\u00e1rio um olhar atento ao desenvolvimento das prerrogativas e \u00e0 rela\u00e7\u00e3o entre a advocacia e os direitos [&hellip;]<\/p>\n","protected":false},"author":2,"featured_media":302077,"comment_status":"closed","ping_status":"closed","sticky":false,"template":"","format":"standard","meta":{"_acf_changed":false,"footnotes":""},"categories":[161],"tags":[],"class_list":["post-341009","post","type-post","status-publish","format-standard","has-post-thumbnail","hentry","category-quadradinho-em-foco"],"acf":[],"_links":{"self":[{"href":"https:\/\/www.notibras.com\/site\/wp-json\/wp\/v2\/posts\/341009","targetHints":{"allow":["GET"]}}],"collection":[{"href":"https:\/\/www.notibras.com\/site\/wp-json\/wp\/v2\/posts"}],"about":[{"href":"https:\/\/www.notibras.com\/site\/wp-json\/wp\/v2\/types\/post"}],"author":[{"embeddable":true,"href":"https:\/\/www.notibras.com\/site\/wp-json\/wp\/v2\/users\/2"}],"replies":[{"embeddable":true,"href":"https:\/\/www.notibras.com\/site\/wp-json\/wp\/v2\/comments?post=341009"}],"version-history":[{"count":3,"href":"https:\/\/www.notibras.com\/site\/wp-json\/wp\/v2\/posts\/341009\/revisions"}],"predecessor-version":[{"id":341012,"href":"https:\/\/www.notibras.com\/site\/wp-json\/wp\/v2\/posts\/341009\/revisions\/341012"}],"wp:featuredmedia":[{"embeddable":true,"href":"https:\/\/www.notibras.com\/site\/wp-json\/wp\/v2\/media\/302077"}],"wp:attachment":[{"href":"https:\/\/www.notibras.com\/site\/wp-json\/wp\/v2\/media?parent=341009"}],"wp:term":[{"taxonomy":"category","embeddable":true,"href":"https:\/\/www.notibras.com\/site\/wp-json\/wp\/v2\/categories?post=341009"},{"taxonomy":"post_tag","embeddable":true,"href":"https:\/\/www.notibras.com\/site\/wp-json\/wp\/v2\/tags?post=341009"}],"curies":[{"name":"wp","href":"https:\/\/api.w.org\/{rel}","templated":true}]}}