{"id":341064,"date":"2024-11-15T00:00:24","date_gmt":"2024-11-15T03:00:24","guid":{"rendered":"https:\/\/www.notibras.com\/site\/?p=341064"},"modified":"2024-11-15T09:01:20","modified_gmt":"2024-11-15T12:01:20","slug":"irmao-diz-que-terrorista-se-deixou-levar-pelo-odio","status":"publish","type":"post","link":"https:\/\/www.notibras.com\/site\/irmao-diz-que-terrorista-se-deixou-levar-pelo-odio\/","title":{"rendered":"Irm\u00e3o diz que terrorista se &#8220;deixou levar pelo \u00f3dio&#8221;"},"content":{"rendered":"<p>Um dos cinco irm\u00e3os de Francisco Wanderley Luiz, homem que explodiu bombas perto do Supremo Tribunal Federal (STF) e morreu, disse que Francisco, conhecido como Ti\u00fc Fran\u00e7a, estava obcecado por pol\u00edtica nos \u00faltimos anos, participou de acampamentos em rodovias contra a elei\u00e7\u00e3o de Lula e estava com comportamento irreconhec\u00edvel.<\/p>\n<p>&#8220;A pessoa com a cabe\u00e7a fraca, se n\u00e3o est\u00e1 bem centrada, acaba se deixando levar pelo \u00f3dio&#8221;, afirmou.<\/p>\n<p>Emocionado, o irm\u00e3o contou que n\u00e3o mantinha contato com Francisco Wanderley, de 59 anos, nos \u00faltimos meses. Francisco, que era chaveiro, era uma pessoa tranquila, disse. Por\u00e9m, ap\u00f3s as \u00faltimas elei\u00e7\u00f5es presidenciais em 2022, s\u00f3 falava de pol\u00edtica, o que dificultava o conv\u00edvio. Essa situa\u00e7\u00e3o se agravou no ano passado.<\/p>\n<p><strong>Acampamentos<\/strong><br \/>\nO irm\u00e3o relatou que Francisco participou de acampamentos em estradas de Santa Catarina contr\u00e1rios \u00e0 elei\u00e7\u00e3o de Luiz In\u00e1cio Lula da Silva, no pleito de 2022.<\/p>\n<p>Para ele, o chaveiro interagia com grupos extremistas na internet, o que o levaram ao &#8220;\u00f3dio&#8221;.<\/p>\n<p>O irm\u00e3o n\u00e3o acredita que o homem tinha a inten\u00e7\u00e3o de matar o ministro do STF, Alexandre de Moraes. O autor do atentado a bomba \u00e0 sede do Supremo, segundo investiga\u00e7\u00f5es, tinha como alvo Moraes, relator dos inqu\u00e9ritos sobre os atos golpistas de 8 de janeiro.<\/p>\n<p>Ele afirmou que a fam\u00edlia est\u00e1 perplexa com o ato e a morte de Francisco Wanderley.<\/p>\n<p><strong>Investiga\u00e7\u00e3o<\/strong><br \/>\nO familiar disse tamb\u00e9m que ele vivia da renda de casas alugadas em Rio do Sul, cidade catarinense do Alto Vale do Itaja\u00ed onde morava e chegou a disputar as elei\u00e7\u00f5es municipais de 2020, concorrendo ao cargo de vereador pelo PL.<\/p>\n<p>A Pol\u00edcia Federal vai investigar como o homem obtinha o dinheiro necess\u00e1rio para se manter na capital federal e se agiu sozinho ou recebeu algum tipo de apoio para cometer um ato terrorista com o prop\u00f3sito de abolir o Estado de Direito por meio da a\u00e7\u00e3o violenta.<\/p>\n<p>O chaveiro passou os \u00faltimos quatro meses vivendo em uma casa alugada em Ceil\u00e2ndia. Al\u00e9m da casa, onde preparou ao menos parte dos artefatos explosivos, ele alugou um trailer que estava estacionado pr\u00f3ximo \u00e0 Pra\u00e7a dos Tr\u00eas Poderes, junto a outros ve\u00edculos adaptados para permitir a venda de alimentos.<\/p>\n","protected":false},"excerpt":{"rendered":"<p>Um dos cinco irm\u00e3os de Francisco Wanderley Luiz, homem que explodiu bombas perto do Supremo Tribunal Federal (STF) e morreu, disse que Francisco, conhecido como Ti\u00fc Fran\u00e7a, estava obcecado por pol\u00edtica nos \u00faltimos anos, participou de acampamentos em rodovias contra a elei\u00e7\u00e3o de Lula e estava com comportamento irreconhec\u00edvel. &#8220;A pessoa com a cabe\u00e7a fraca, [&hellip;]<\/p>\n","protected":false},"author":2,"featured_media":341065,"comment_status":"closed","ping_status":"closed","sticky":false,"template":"","format":"standard","meta":{"_acf_changed":false,"footnotes":""},"categories":[161],"tags":[],"class_list":["post-341064","post","type-post","status-publish","format-standard","has-post-thumbnail","hentry","category-quadradinho-em-foco"],"acf":[],"_links":{"self":[{"href":"https:\/\/www.notibras.com\/site\/wp-json\/wp\/v2\/posts\/341064","targetHints":{"allow":["GET"]}}],"collection":[{"href":"https:\/\/www.notibras.com\/site\/wp-json\/wp\/v2\/posts"}],"about":[{"href":"https:\/\/www.notibras.com\/site\/wp-json\/wp\/v2\/types\/post"}],"author":[{"embeddable":true,"href":"https:\/\/www.notibras.com\/site\/wp-json\/wp\/v2\/users\/2"}],"replies":[{"embeddable":true,"href":"https:\/\/www.notibras.com\/site\/wp-json\/wp\/v2\/comments?post=341064"}],"version-history":[{"count":1,"href":"https:\/\/www.notibras.com\/site\/wp-json\/wp\/v2\/posts\/341064\/revisions"}],"predecessor-version":[{"id":341066,"href":"https:\/\/www.notibras.com\/site\/wp-json\/wp\/v2\/posts\/341064\/revisions\/341066"}],"wp:featuredmedia":[{"embeddable":true,"href":"https:\/\/www.notibras.com\/site\/wp-json\/wp\/v2\/media\/341065"}],"wp:attachment":[{"href":"https:\/\/www.notibras.com\/site\/wp-json\/wp\/v2\/media?parent=341064"}],"wp:term":[{"taxonomy":"category","embeddable":true,"href":"https:\/\/www.notibras.com\/site\/wp-json\/wp\/v2\/categories?post=341064"},{"taxonomy":"post_tag","embeddable":true,"href":"https:\/\/www.notibras.com\/site\/wp-json\/wp\/v2\/tags?post=341064"}],"curies":[{"name":"wp","href":"https:\/\/api.w.org\/{rel}","templated":true}]}}