{"id":341072,"date":"2024-11-15T19:21:48","date_gmt":"2024-11-15T22:21:48","guid":{"rendered":"https:\/\/www.notibras.com\/site\/?p=341072"},"modified":"2024-11-15T21:15:37","modified_gmt":"2024-11-16T00:15:37","slug":"cleber-bate-em-poli-que-revida-e-nocauteia-com-direito-de-resposta","status":"publish","type":"post","link":"https:\/\/www.notibras.com\/site\/cleber-bate-em-poli-que-revida-e-nocauteia-com-direito-de-resposta\/","title":{"rendered":"Cl\u00e9ber bate em Poli que revida e nocauteia com direito de resposta"},"content":{"rendered":"<p>Cl\u00e9ber Lopes, candidato \u00e0 presid\u00eancia da seccional da OAB do Distrito Federal, foi a nocaute nesta sexta, 15, ao ser notificado pela Comiss\u00e3o Eleitoral da Ordem dos Advogados do Brasil-DF da pr\u00e1tica de crime, com a divulga\u00e7\u00e3o de fake news contra seu opositor Paulo Poli Maur\u00edcio.<\/p>\n<p>Cl\u00e9ber, que tem o apoio expl\u00edcito do governador Ibaneis Rocha, foi obrigado a retirar de suas redes sociais, em car\u00e1ter imediato, informa\u00e7\u00f5es consideradas inver\u00eddicas &#8211; em outras palavras, mentirosas. A decis\u00e3o se d\u00e1 a pouco mais de 24 horas das elei\u00e7\u00f5es de domingo, 17. Ele foi obrigado\u00a0 tamb\u00e9m a veicular direito de resposta.<\/p>\n<p>&#8220;(&#8230;) diante da gravidade e urg\u00eancia dos fatos, \u00e9 plenamente justific\u00e1vel a concess\u00e3o de medida liminar para determinar a remo\u00e7\u00e3o da publica\u00e7\u00e3o veiculada na p\u00e1gina da chapa do representado no Instagram, republicada por apoiadores e disseminada por meio de disparos em massa no WhatsApp, al\u00e9m de suspender a continuidade da divulga\u00e7\u00e3o de seu conte\u00fado, por configurar propaganda eleitoral negativa e dissemina\u00e7\u00e3o de informa\u00e7\u00f5es falsas&#8221;, diz a decis\u00e3o da Comiss\u00e3o Eleitoral da Ordem.<\/p>\n<p>Cl\u00e9ber \u00e9 acusado de mentir sobre os gastos previstos no or\u00e7amento de 2024 da OAB-DF, &#8220;apesar de os gastos estarem acess\u00edveis&#8221; no portal da transpar\u00eancia da entidade, com o objetivo de justificar &#8220;uma promessa de campanha relacionada \u00e0 isen\u00e7\u00e3o da anuidade para a jovem advocacia&#8221;. Para a Comiss\u00e3o Eleitoral, a publica\u00e7\u00e3o revela o n\u00edtido prop\u00f3sito &#8220;de enganar e influenciar a opini\u00e3o p\u00fablica, induzindo o eleitorado a erro para angariar votos&#8221;.<\/p>\n","protected":false},"excerpt":{"rendered":"<p>Cl\u00e9ber Lopes, candidato \u00e0 presid\u00eancia da seccional da OAB do Distrito Federal, foi a nocaute nesta sexta, 15, ao ser notificado pela Comiss\u00e3o Eleitoral da Ordem dos Advogados do Brasil-DF da pr\u00e1tica de crime, com a divulga\u00e7\u00e3o de fake news contra seu opositor Paulo Poli Maur\u00edcio. Cl\u00e9ber, que tem o apoio expl\u00edcito do governador Ibaneis [&hellip;]<\/p>\n","protected":false},"author":2,"featured_media":340599,"comment_status":"closed","ping_status":"closed","sticky":false,"template":"","format":"standard","meta":{"_acf_changed":false,"footnotes":""},"categories":[161],"tags":[],"class_list":["post-341072","post","type-post","status-publish","format-standard","has-post-thumbnail","hentry","category-quadradinho-em-foco"],"acf":[],"_links":{"self":[{"href":"https:\/\/www.notibras.com\/site\/wp-json\/wp\/v2\/posts\/341072","targetHints":{"allow":["GET"]}}],"collection":[{"href":"https:\/\/www.notibras.com\/site\/wp-json\/wp\/v2\/posts"}],"about":[{"href":"https:\/\/www.notibras.com\/site\/wp-json\/wp\/v2\/types\/post"}],"author":[{"embeddable":true,"href":"https:\/\/www.notibras.com\/site\/wp-json\/wp\/v2\/users\/2"}],"replies":[{"embeddable":true,"href":"https:\/\/www.notibras.com\/site\/wp-json\/wp\/v2\/comments?post=341072"}],"version-history":[{"count":3,"href":"https:\/\/www.notibras.com\/site\/wp-json\/wp\/v2\/posts\/341072\/revisions"}],"predecessor-version":[{"id":341075,"href":"https:\/\/www.notibras.com\/site\/wp-json\/wp\/v2\/posts\/341072\/revisions\/341075"}],"wp:featuredmedia":[{"embeddable":true,"href":"https:\/\/www.notibras.com\/site\/wp-json\/wp\/v2\/media\/340599"}],"wp:attachment":[{"href":"https:\/\/www.notibras.com\/site\/wp-json\/wp\/v2\/media?parent=341072"}],"wp:term":[{"taxonomy":"category","embeddable":true,"href":"https:\/\/www.notibras.com\/site\/wp-json\/wp\/v2\/categories?post=341072"},{"taxonomy":"post_tag","embeddable":true,"href":"https:\/\/www.notibras.com\/site\/wp-json\/wp\/v2\/tags?post=341072"}],"curies":[{"name":"wp","href":"https:\/\/api.w.org\/{rel}","templated":true}]}}