{"id":341099,"date":"2024-11-16T09:12:52","date_gmt":"2024-11-16T12:12:52","guid":{"rendered":"https:\/\/www.notibras.com\/site\/?p=341099"},"modified":"2024-11-16T09:35:15","modified_gmt":"2024-11-16T12:35:15","slug":"everardo-gueiros-o-novo-lider-que-os-advogados-esperam","status":"publish","type":"post","link":"https:\/\/www.notibras.com\/site\/everardo-gueiros-o-novo-lider-que-os-advogados-esperam\/","title":{"rendered":"Everardo Gueiros, o novo l\u00edder que os advogados esperam?"},"content":{"rendered":"<p>No cen\u00e1rio das elei\u00e7\u00f5es da Ordem dos Advogados do Brasil \u2013 Seccional Distrito Federal (OAB-DF), Everardo Gueiros, conhecido como &#8220;Vev\u00e9&#8221;, desponta como o candidato que re\u00fane as condi\u00e7\u00f5es para liderar a advocacia brasiliense rumo a uma nova era. Com uma trajet\u00f3ria marcada por dedica\u00e7\u00e3o \u00e0 classe e uma campanha que atraiu apoios significativos, Vev\u00e9 se posiciona como favorito na disputa que ser\u00e1 decidida em 17 de novembro.<\/p>\n<p>Everardo Gueiros iniciou sua carreira em Pernambuco, por\u00e9m vive h\u00e1 mais de 20 anos em Bras\u00edlia, construindo uma s\u00f3lida experi\u00eancia que o levou a ocupar cargos relevantes na OAB e no Tribunal Regional Eleitoral do Distrito Federal (TRE-DF). Sua candidatura \u00e0 presid\u00eancia da OAB-DF \u00e9 motivada por um compromisso genu\u00edno com a classe, buscando resgatar a independ\u00eancia e a combatividade da institui\u00e7\u00e3o.<\/p>\n<p>A chapa &#8220;Coragem para Mudar&#8221;, liderada por Vev\u00e9, destaca-se pela diversidade e representatividade. Com a advogada Rute Raquel como vice-presidente e Aline Corr\u00eaa na Secretaria-Geral, a composi\u00e7\u00e3o reflete um compromisso com a inclus\u00e3o e a participa\u00e7\u00e3o ativa de todas as subse\u00e7\u00f5es da OAB-DF.<\/p>\n<p><strong>Apoios de peso<\/strong><br \/>\nA campanha de Everardo Gueiros ganhou impulso significativo com apoios de figuras proeminentes, a saber:<\/p>\n<p>Jair Bolsonaro: O ex-presidente declarou apoio a Vev\u00e9, enfatizando a import\u00e2ncia de advogados comprometidos com a defesa da democracia e da liberdade. Em v\u00eddeo divulgado, Bolsonaro afirmou: &#8220;Ficaria muito feliz em termos advogados integrando o corpo da Ordem comprometidos com a defesa da nossa democracia e a liberdade.&#8221;<\/p>\n<p>Bia Kicis: A deputada federal e relatora do projeto que visa estabelecer elei\u00e7\u00f5es diretas para a presid\u00eancia do Conselho Federal da OAB manifestou seu apoio a Vev\u00e9. Em declara\u00e7\u00e3o, Bia Kicis destacou a necessidade de uma OAB livre de interfer\u00eancias pol\u00edticas e alinhada com os interesses da advocacia.<\/p>\n<p>Lafayette de Andrada: O deputado federal e presidente da Frente Parlamentar em Defesa da Advocacia P\u00fablica no Congresso Nacional tamb\u00e9m endossou a candidatura de Everardo Gueiros, reconhecendo nele a capacidade de representar os interesses dos advogados de Bras\u00edlia.<\/p>\n<p>Al\u00e9m desses, outros parlamentares conservadores, como a senadora Damares Alves, manifestaram apoio a Vev\u00e9, refor\u00e7ando sua base de sustenta\u00e7\u00e3o pol\u00edtica.<\/p>\n<p><strong>Propostas e diferenciais<\/strong><br \/>\nA campanha de Everardo Gueiros \u00e9 marcada por propostas que visam fortalecer a advocacia e resgatar a independ\u00eancia da OAB-DF:<\/p>\n<p>Isen\u00e7\u00e3o de Anuidades: Proposta de isen\u00e7\u00e3o de contribui\u00e7\u00e3o para advogados com mais de 60 anos, pessoas com defici\u00eancia e jovens advogados, aliviando o peso financeiro sobre esses profissionais.<\/p>\n<p>Defesa das Prerrogativas: Compromisso com a defesa intransigente das prerrogativas dos advogados, garantindo o pleno exerc\u00edcio da profiss\u00e3o.<\/p>\n<p>Independ\u00eancia Institucional: Reafirma\u00e7\u00e3o da OAB-DF como entidade independente, livre de interfer\u00eancias pol\u00edticas e partid\u00e1rias, focada exclusivamente nos interesses da classe.<\/p>\n<p><strong>Propostas para a Advocacia P\u00fablica<\/strong><br \/>\nEverardo tamb\u00e9m apresentou propostas espec\u00edficas para os advogados p\u00fablicos, reconhecendo a import\u00e2ncia de valorizar esses profissionais que atuam na defesa do interesse p\u00fablico:<\/p>\n<p>Fortalecimento da Advocacia P\u00fablica: Defesa do reconhecimento da essencialidade da advocacia p\u00fablica nos tr\u00eas n\u00edveis de governo, garantindo maior autonomia e respeito \u00e0s prerrogativas institucionais.<\/p>\n<p>Apoio \u00e0 PEC da Advocacia P\u00fablica: Compromisso com a articula\u00e7\u00e3o e apoio a propostas legislativas que assegurem melhorias estruturais e institucionais para os advogados p\u00fablicos, incluindo a Proposta de Emenda Constitucional (PEC) que fortalece suas fun\u00e7\u00f5es.<\/p>\n<p>Fomento \u00e0 Carreira: Incentivo \u00e0 valoriza\u00e7\u00e3o e progress\u00e3o na carreira dos advogados p\u00fablicos, buscando equiparar suas condi\u00e7\u00f5es \u00e0s de outras carreiras jur\u00eddicas.<\/p>\n<p>Di\u00e1logo Institucional: Estabelecimento de um canal direto e constante com associa\u00e7\u00f5es e representantes da advocacia p\u00fablica para assegurar que suas demandas sejam priorizadas e atendidas.<\/p>\n<p><strong>Perspectivas para a elei\u00e7\u00e3o<\/strong><br \/>\nCom uma campanha s\u00f3lida e apoios expressivos, Everardo Gueiros se consolida como o candidato com maior potencial para vencer as elei\u00e7\u00f5es da OAB-DF em 17 de novembro.<\/p>\n<p>Sua trajet\u00f3ria, aliada \u00e0s propostas apresentadas e ao respaldo de figuras influentes, indica uma tend\u00eancia favor\u00e1vel que pode resultar em uma gest\u00e3o comprometida com a valoriza\u00e7\u00e3o da advocacia e a defesa dos princ\u00edpios democr\u00e1ticos.<\/p>\n<p>A expectativa \u00e9 que, caso eleito, Vev\u00e9 promova uma gest\u00e3o inclusiva, transparente e alinhada com os anseios da classe, resgatando o protagonismo da OAB-DF no cen\u00e1rio jur\u00eddico nacional.<\/p>\n","protected":false},"excerpt":{"rendered":"<p>No cen\u00e1rio das elei\u00e7\u00f5es da Ordem dos Advogados do Brasil \u2013 Seccional Distrito Federal (OAB-DF), Everardo Gueiros, conhecido como &#8220;Vev\u00e9&#8221;, desponta como o candidato que re\u00fane as condi\u00e7\u00f5es para liderar a advocacia brasiliense rumo a uma nova era. Com uma trajet\u00f3ria marcada por dedica\u00e7\u00e3o \u00e0 classe e uma campanha que atraiu apoios significativos, Vev\u00e9 se [&hellip;]<\/p>\n","protected":false},"author":2,"featured_media":315409,"comment_status":"closed","ping_status":"closed","sticky":false,"template":"","format":"standard","meta":{"_acf_changed":false,"footnotes":""},"categories":[161],"tags":[],"class_list":["post-341099","post","type-post","status-publish","format-standard","has-post-thumbnail","hentry","category-quadradinho-em-foco"],"acf":[],"_links":{"self":[{"href":"https:\/\/www.notibras.com\/site\/wp-json\/wp\/v2\/posts\/341099","targetHints":{"allow":["GET"]}}],"collection":[{"href":"https:\/\/www.notibras.com\/site\/wp-json\/wp\/v2\/posts"}],"about":[{"href":"https:\/\/www.notibras.com\/site\/wp-json\/wp\/v2\/types\/post"}],"author":[{"embeddable":true,"href":"https:\/\/www.notibras.com\/site\/wp-json\/wp\/v2\/users\/2"}],"replies":[{"embeddable":true,"href":"https:\/\/www.notibras.com\/site\/wp-json\/wp\/v2\/comments?post=341099"}],"version-history":[{"count":1,"href":"https:\/\/www.notibras.com\/site\/wp-json\/wp\/v2\/posts\/341099\/revisions"}],"predecessor-version":[{"id":341100,"href":"https:\/\/www.notibras.com\/site\/wp-json\/wp\/v2\/posts\/341099\/revisions\/341100"}],"wp:featuredmedia":[{"embeddable":true,"href":"https:\/\/www.notibras.com\/site\/wp-json\/wp\/v2\/media\/315409"}],"wp:attachment":[{"href":"https:\/\/www.notibras.com\/site\/wp-json\/wp\/v2\/media?parent=341099"}],"wp:term":[{"taxonomy":"category","embeddable":true,"href":"https:\/\/www.notibras.com\/site\/wp-json\/wp\/v2\/categories?post=341099"},{"taxonomy":"post_tag","embeddable":true,"href":"https:\/\/www.notibras.com\/site\/wp-json\/wp\/v2\/tags?post=341099"}],"curies":[{"name":"wp","href":"https:\/\/api.w.org\/{rel}","templated":true}]}}