{"id":341113,"date":"2024-11-16T14:20:39","date_gmt":"2024-11-16T17:20:39","guid":{"rendered":"https:\/\/www.notibras.com\/site\/?p=341113"},"modified":"2024-11-16T14:29:55","modified_gmt":"2024-11-16T17:29:55","slug":"cleber-lopes-prepara-renuncia-para-evitar-humilhacao-publica","status":"publish","type":"post","link":"https:\/\/www.notibras.com\/site\/cleber-lopes-prepara-renuncia-para-evitar-humilhacao-publica\/","title":{"rendered":"Cl\u00e9ber Lopes prepara ren\u00fancia para evitar humilha\u00e7\u00e3o p\u00fablica"},"content":{"rendered":"<p>Informa\u00e7\u00f5es obtidas junto a integrantes da Chapa 10, sugerem que o candidato Cl\u00e9ber Lopes est\u00e1 prestes a renunciar \u00e0 disputa pela presid\u00eancia da OAB-DF. O movimento seria uma tentativa de evitar o desgaste adicional com o prov\u00e1vel indeferimento de seu registro pela Comiss\u00e3o Eleitoral. Al\u00e9m disso, teme-se que, caso insista na candidatura, uma eventual derrota espalhe estilha\u00e7os em dire\u00e7\u00e3o do seu &#8216;padrinho&#8217; Ibaneis Rocha, manchando o nome do governador para disputas eleitorais em 2026.<\/p>\n<p>A campanha de Cl\u00e9ber j\u00e1 vinha enfrentando uma s\u00e9rie de reveses, como aponta mat\u00e9ria do blog Donny Silva, que destaca o abandono de antigos aliados e o crescente isolamento pol\u00edtico do candidato. Al\u00e9m disso, Cl\u00e9ber Lopes acaba de ser multado pela Comiss\u00e3o Eleitoral por descumprir a exig\u00eancia de publica\u00e7\u00e3o de retrata\u00e7\u00e3o, conforme noticiado pelo portal Metr\u00f3poles, agravando ainda mais sua situa\u00e7\u00e3o na corrida eleitoral.<\/p>\n<p>Diante desse cen\u00e1rio, fontes ligadas \u00e0 Chapa 10 acreditam que a ren\u00fancia seria uma forma de evitar um desfecho ainda mais constrangedor. Nos bastidores, comenta-se que a sa\u00edda antecipada permitiria que Cl\u00e9ber preservasse algum capital pol\u00edtico e evitasse uma derrota humilhante nas urnas. Resta saber como os apoiadores do candidato reagir\u00e3o a essa poss\u00edvel decis\u00e3o.<\/p>\n<p>At\u00e9 a edi\u00e7\u00e3o deste texto, Cl\u00e9ber Lopes n\u00e3o havia se manifestado oficialmente sobre o assunto. Uma suposta ren\u00fancia seria um natimorto projeto do avan\u00e7o do canga\u00e7o no Cerrado.<\/p>\n","protected":false},"excerpt":{"rendered":"<p>Informa\u00e7\u00f5es obtidas junto a integrantes da Chapa 10, sugerem que o candidato Cl\u00e9ber Lopes est\u00e1 prestes a renunciar \u00e0 disputa pela presid\u00eancia da OAB-DF. O movimento seria uma tentativa de evitar o desgaste adicional com o prov\u00e1vel indeferimento de seu registro pela Comiss\u00e3o Eleitoral. Al\u00e9m disso, teme-se que, caso insista na candidatura, uma eventual derrota [&hellip;]<\/p>\n","protected":false},"author":2,"featured_media":341114,"comment_status":"closed","ping_status":"closed","sticky":false,"template":"","format":"standard","meta":{"_acf_changed":false,"footnotes":""},"categories":[161],"tags":[95],"class_list":["post-341113","post","type-post","status-publish","format-standard","has-post-thumbnail","hentry","category-quadradinho-em-foco","tag-capa"],"acf":[],"_links":{"self":[{"href":"https:\/\/www.notibras.com\/site\/wp-json\/wp\/v2\/posts\/341113","targetHints":{"allow":["GET"]}}],"collection":[{"href":"https:\/\/www.notibras.com\/site\/wp-json\/wp\/v2\/posts"}],"about":[{"href":"https:\/\/www.notibras.com\/site\/wp-json\/wp\/v2\/types\/post"}],"author":[{"embeddable":true,"href":"https:\/\/www.notibras.com\/site\/wp-json\/wp\/v2\/users\/2"}],"replies":[{"embeddable":true,"href":"https:\/\/www.notibras.com\/site\/wp-json\/wp\/v2\/comments?post=341113"}],"version-history":[{"count":4,"href":"https:\/\/www.notibras.com\/site\/wp-json\/wp\/v2\/posts\/341113\/revisions"}],"predecessor-version":[{"id":341118,"href":"https:\/\/www.notibras.com\/site\/wp-json\/wp\/v2\/posts\/341113\/revisions\/341118"}],"wp:featuredmedia":[{"embeddable":true,"href":"https:\/\/www.notibras.com\/site\/wp-json\/wp\/v2\/media\/341114"}],"wp:attachment":[{"href":"https:\/\/www.notibras.com\/site\/wp-json\/wp\/v2\/media?parent=341113"}],"wp:term":[{"taxonomy":"category","embeddable":true,"href":"https:\/\/www.notibras.com\/site\/wp-json\/wp\/v2\/categories?post=341113"},{"taxonomy":"post_tag","embeddable":true,"href":"https:\/\/www.notibras.com\/site\/wp-json\/wp\/v2\/tags?post=341113"}],"curies":[{"name":"wp","href":"https:\/\/api.w.org\/{rel}","templated":true}]}}