{"id":341119,"date":"2024-11-16T22:27:29","date_gmt":"2024-11-17T01:27:29","guid":{"rendered":"https:\/\/www.notibras.com\/site\/?p=341119"},"modified":"2024-11-16T22:27:29","modified_gmt":"2024-11-17T01:27:29","slug":"com-duas-pules-de-10-disputa-na-oab-pode-ser-definida-por-fotochart","status":"publish","type":"post","link":"https:\/\/www.notibras.com\/site\/com-duas-pules-de-10-disputa-na-oab-pode-ser-definida-por-fotochart\/","title":{"rendered":"Com duas pules de 10, disputa na OAB pode ser definida por fotochart"},"content":{"rendered":"<p>Ligam-me de Bras\u00edlia. S\u00e3o velhos amigos advogados (alguns advogados velhos) eleitores, cada um a seu gosto, de uma das cinco candidaturas \u00e0 cadeira de Jr. Apresentam-me n\u00fameros d\u00edspares. Pedem minha opini\u00e3o. Como jornalista vota para a dire\u00e7\u00e3o da Fenaj, e n\u00e3o da Ordem, permito-me comentar com isen\u00e7\u00e3o: pelas informa\u00e7\u00f5es que chegam \u00e0 sucursal Nordeste de <strong>Notibras<\/strong>, a polariza\u00e7\u00e3o entre Paulo <em>Poli<\/em> Maur\u00edcio e Everardo <em>Vev\u00e9<\/em> Gueiros cresceu nas \u00faltimas horas. A elei\u00e7\u00e3o ser\u00e1 neste domingo, 17.<\/p>\n<p>A um de meus interlocutores cheguei mesmo a associar a elei\u00e7\u00e3o a um hip\u00f3dromo, com dois puro-sangue polarizando a elei\u00e7\u00e3o e um cavalo paraguaio &#8211; no caso em quest\u00e3o, Cl\u00e9ber Lopes -, ficando na rabeira. Como essas costumeiras conversas servem at\u00e9 como terapia, sugeri, em tom de brincadeira, a necessidade de o \u201cfotochart\u201d indicar o vencedor. Fotochart, para quem n\u00e3o est\u00e1 acostumado \u00e0 express\u00e3o &#8216;pule de 10&#8217;, \u00e9 um recurso eletr\u00f4nico usado quando n\u00e3o \u00e9 poss\u00edvel determinar visualmente o vencedor do p\u00e1reo. A interpreta\u00e7\u00e3o tamb\u00e9m \u00e9 aplicada em outras situa\u00e7\u00f5es, principalmente no meio pol\u00edtico, para descrever o fim de uma disputa eleitoral acirrada.<\/p>\n<p>Met\u00e1foras \u00e0 parte, e deixando o humor de lado, \u00e9 not\u00f3rio que a disputa est\u00e1 apertada. O cen\u00e1rio eleitoral \u00e9 tenso, intenso e imprevis\u00edvel. Ao longo de 53 anos de jornalismo, aprendi que na capital do Pa\u00eds, onde os corredores dos poderes pol\u00edtico e jur\u00eddico se cruzam, a batalha pela presid\u00eancia da seccional da Ordem dos Advogados do Brasil \u00e9 um espet\u00e1culo \u00e0 parte. Mais do que uma simples elei\u00e7\u00e3o, trata-se de um embate de projetos, ideologias e egos, revelando muito sobre o papel da advocacia em tempos de transforma\u00e7\u00f5es sociais e pol\u00edticas.<\/p>\n<p>Na presente elei\u00e7\u00e3o, de um lado, o grupo da situa\u00e7\u00e3o apresenta a continuidade como bandeira. Exalta os avan\u00e7os conquistados nos \u00faltimos anos, como a amplia\u00e7\u00e3o de servi\u00e7os para advogados iniciantes, a luta por prerrogativas e o fortalecimento da presen\u00e7a feminina na advocacia. De outro, a oposi\u00e7\u00e3o se coloca como o ant\u00eddoto contra o que chama de &#8220;engessamento institucional&#8221;, prometendo renova\u00e7\u00e3o, inclus\u00e3o digital e maior transpar\u00eancia administrativa.<\/p>\n<p>Os debates dos \u00faltimos dias foram intensos e, por vezes, passionais. Os candidatos n\u00e3o apenas falaram de suas plataformas; defenderam narrativas sobre o que a advocacia do Distrito Federal precisa ser. Os bastidores fervilharam com articula\u00e7\u00f5es de alian\u00e7as, reuni\u00f5es estrat\u00e9gicas e at\u00e9 algumas acusa\u00e7\u00f5es de pr\u00e1ticas question\u00e1veis. Ao mesmo tempo, os corredores dos tribunais e os eventos jur\u00eddicos tornaram-se arenas paralelas, onde discursos velados e alian\u00e7as improv\u00e1veis chegaram a ser costuradas. Por\u00e9m, como empregaram linhas fr\u00e1geis, os entendimentos logo se transformaram em trapos de mendigos.<\/p>\n<p>A vota\u00e7\u00e3o come\u00e7a em poucas horas. Estima-se que o resultado seja conhecido por volta das 20h30. Pode ser algo t\u00e3o fant\u00e1stico como o programa da V\u00eanus Platinada que estar\u00e1 sendo apresentado no mesmo hor\u00e1rio. At\u00e9 porque, muitos advogados ainda olham os candidatos com certo ceticismo. Meus interlocutores confidenciaram que uma acentuada parcela dos seus coleguinhas questiona o quanto essa disputa realmente impactar\u00e1 o cotidiano da advocacia. Ser\u00e1 que os eleitos trar\u00e3o melhorias concretas, ou apenas perpetuar\u00e3o o jogo pol\u00edtico que parece t\u00e3o distante da realidade de quem carrega o peso das demandas nos ombros?<\/p>\n<p>Cabe registrar que a elei\u00e7\u00e3o deste domingo n\u00e3o \u00e9 apenas uma quest\u00e3o interna; o pleito reflete o momento vivido pela advocacia brasileira como um todo. Em tempos de polariza\u00e7\u00e3o e desafios \u00e0 democracia, a Ordem se mant\u00e9m como uma das poucas institui\u00e7\u00f5es com credibilidade para defender o Estado de Direito. O pr\u00f3ximo presidente da seccional, portanto, n\u00e3o ser\u00e1 apenas um representante dos advogados locais, mas uma voz que pode ecoar em debates nacionais cruciais.<\/p>\n<p>Em uma coisa meus confidentes concordam: enquanto as urnas aguardam os votos, a advocacia brasiliense observa, avalia e, sobretudo, espera. N\u00e3o por promessas vazias ou discursos eloquentes, mas por lideran\u00e7as que entendam que, no Direito, mais do que palavras, valem as a\u00e7\u00f5es. Afinal, o verdadeiro protagonismo jur\u00eddico se constr\u00f3i com \u00e9tica, compet\u00eancia e comprometimento \u2013 dentro e fora das salas de audi\u00eancia.<\/p>\n","protected":false},"excerpt":{"rendered":"<p>Ligam-me de Bras\u00edlia. S\u00e3o velhos amigos advogados (alguns advogados velhos) eleitores, cada um a seu gosto, de uma das cinco candidaturas \u00e0 cadeira de Jr. Apresentam-me n\u00fameros d\u00edspares. Pedem minha opini\u00e3o. Como jornalista vota para a dire\u00e7\u00e3o da Fenaj, e n\u00e3o da Ordem, permito-me comentar com isen\u00e7\u00e3o: pelas informa\u00e7\u00f5es que chegam \u00e0 sucursal Nordeste de [&hellip;]<\/p>\n","protected":false},"author":2,"featured_media":341120,"comment_status":"closed","ping_status":"closed","sticky":false,"template":"","format":"standard","meta":{"_acf_changed":false,"footnotes":""},"categories":[161],"tags":[95],"class_list":["post-341119","post","type-post","status-publish","format-standard","has-post-thumbnail","hentry","category-quadradinho-em-foco","tag-capa"],"acf":[],"_links":{"self":[{"href":"https:\/\/www.notibras.com\/site\/wp-json\/wp\/v2\/posts\/341119","targetHints":{"allow":["GET"]}}],"collection":[{"href":"https:\/\/www.notibras.com\/site\/wp-json\/wp\/v2\/posts"}],"about":[{"href":"https:\/\/www.notibras.com\/site\/wp-json\/wp\/v2\/types\/post"}],"author":[{"embeddable":true,"href":"https:\/\/www.notibras.com\/site\/wp-json\/wp\/v2\/users\/2"}],"replies":[{"embeddable":true,"href":"https:\/\/www.notibras.com\/site\/wp-json\/wp\/v2\/comments?post=341119"}],"version-history":[{"count":1,"href":"https:\/\/www.notibras.com\/site\/wp-json\/wp\/v2\/posts\/341119\/revisions"}],"predecessor-version":[{"id":341121,"href":"https:\/\/www.notibras.com\/site\/wp-json\/wp\/v2\/posts\/341119\/revisions\/341121"}],"wp:featuredmedia":[{"embeddable":true,"href":"https:\/\/www.notibras.com\/site\/wp-json\/wp\/v2\/media\/341120"}],"wp:attachment":[{"href":"https:\/\/www.notibras.com\/site\/wp-json\/wp\/v2\/media?parent=341119"}],"wp:term":[{"taxonomy":"category","embeddable":true,"href":"https:\/\/www.notibras.com\/site\/wp-json\/wp\/v2\/categories?post=341119"},{"taxonomy":"post_tag","embeddable":true,"href":"https:\/\/www.notibras.com\/site\/wp-json\/wp\/v2\/tags?post=341119"}],"curies":[{"name":"wp","href":"https:\/\/api.w.org\/{rel}","templated":true}]}}