{"id":341127,"date":"2024-11-17T00:10:21","date_gmt":"2024-11-17T03:10:21","guid":{"rendered":"https:\/\/www.notibras.com\/site\/?p=341127"},"modified":"2024-11-17T07:08:32","modified_gmt":"2024-11-17T10:08:32","slug":"beleza-de-nordestinas-fica-longe-da-coroa-de-miss-universo","status":"publish","type":"post","link":"https:\/\/www.notibras.com\/site\/beleza-de-nordestinas-fica-longe-da-coroa-de-miss-universo\/","title":{"rendered":"Beleza de nordestinas fica longe da coroa de Miss Universo"},"content":{"rendered":"<p>Duas nordestinas &#8211; a pernambucana Luana Cavalcante, 25 anos, e a baiana Glelany Cavalcante, 22 &#8211; foram eliminadas neste s\u00e1bado, 16, do concurso Miss Universo. A festa foi realizada no M\u00e9xico. Quem ganhou o concurso foi a dinamarquesa Victoria Kjaer.<\/p>\n<p>A primeira representou o Brasil, enquanto a segunda, com dupla cidadania (italiana) representou a It\u00e1lia. Elas sequer ficaram entre as 30 primeiras classificadas, de um total de 128 mulheres.<\/p>\n<p>Luana tentava ser a primeira m\u00e3e vencedora do concurso, uma vez que, desde o ano passado, m\u00e3es e casadas podem competir. Agoraa idade para concorrer tamb\u00e9m j\u00b4n]aoconta &#8211; desde que respeitado o limite m\u00ednimo de 18 anos.<\/p>\n<p>Se vencesse, Luana quebraria o jejum de 56 anos sem vit\u00f3rias do Brasil e poderia trazer a terceira coroa para o pa\u00eds. A \u00faltima foi em 1968, com a baiana Martha Vasconcellos, da terra de Glelany, nascida em Feira de Santana.<\/p>\n","protected":false},"excerpt":{"rendered":"<p>Duas nordestinas &#8211; a pernambucana Luana Cavalcante, 25 anos, e a baiana Glelany Cavalcante, 22 &#8211; foram eliminadas neste s\u00e1bado, 16, do concurso Miss Universo. A festa foi realizada no M\u00e9xico. Quem ganhou o concurso foi a dinamarquesa Victoria Kjaer. A primeira representou o Brasil, enquanto a segunda, com dupla cidadania (italiana) representou a It\u00e1lia. [&hellip;]<\/p>\n","protected":false},"author":2,"featured_media":341128,"comment_status":"closed","ping_status":"closed","sticky":false,"template":"","format":"standard","meta":{"_acf_changed":false,"footnotes":""},"categories":[165],"tags":[],"class_list":["post-341127","post","type-post","status-publish","format-standard","has-post-thumbnail","hentry","category-nordeste"],"acf":[],"_links":{"self":[{"href":"https:\/\/www.notibras.com\/site\/wp-json\/wp\/v2\/posts\/341127","targetHints":{"allow":["GET"]}}],"collection":[{"href":"https:\/\/www.notibras.com\/site\/wp-json\/wp\/v2\/posts"}],"about":[{"href":"https:\/\/www.notibras.com\/site\/wp-json\/wp\/v2\/types\/post"}],"author":[{"embeddable":true,"href":"https:\/\/www.notibras.com\/site\/wp-json\/wp\/v2\/users\/2"}],"replies":[{"embeddable":true,"href":"https:\/\/www.notibras.com\/site\/wp-json\/wp\/v2\/comments?post=341127"}],"version-history":[{"count":2,"href":"https:\/\/www.notibras.com\/site\/wp-json\/wp\/v2\/posts\/341127\/revisions"}],"predecessor-version":[{"id":341134,"href":"https:\/\/www.notibras.com\/site\/wp-json\/wp\/v2\/posts\/341127\/revisions\/341134"}],"wp:featuredmedia":[{"embeddable":true,"href":"https:\/\/www.notibras.com\/site\/wp-json\/wp\/v2\/media\/341128"}],"wp:attachment":[{"href":"https:\/\/www.notibras.com\/site\/wp-json\/wp\/v2\/media?parent=341127"}],"wp:term":[{"taxonomy":"category","embeddable":true,"href":"https:\/\/www.notibras.com\/site\/wp-json\/wp\/v2\/categories?post=341127"},{"taxonomy":"post_tag","embeddable":true,"href":"https:\/\/www.notibras.com\/site\/wp-json\/wp\/v2\/tags?post=341127"}],"curies":[{"name":"wp","href":"https:\/\/api.w.org\/{rel}","templated":true}]}}