{"id":341171,"date":"2024-11-17T20:25:44","date_gmt":"2024-11-17T23:25:44","guid":{"rendered":"https:\/\/www.notibras.com\/site\/?p=341171"},"modified":"2024-11-17T21:45:31","modified_gmt":"2024-11-18T00:45:31","slug":"vitoria-de-poli-indica-que-oab-rejeita-virar-arremedo-de-politicos","status":"publish","type":"post","link":"https:\/\/www.notibras.com\/site\/vitoria-de-poli-indica-que-oab-rejeita-virar-arremedo-de-politicos\/","title":{"rendered":"Vit\u00f3ria de Poli indica que OAB rejeita virar arremedo de pol\u00edticos"},"content":{"rendered":"<p>A elei\u00e7\u00e3o de Paulo Poli Maur\u00edcio para a presid\u00eancia da Ordem dos Advogados do Brasil, seccional Bras\u00edlia, representa um marco importante para a entidade e para o campo do Direito como um todo. Sua vit\u00f3ria neste domingo, 17, \u00e0 frente de uma chapa apartid\u00e1ria, reflete um desejo crescente da classe jur\u00eddica por manter independ\u00eancia de grupos pol\u00edticos.<\/p>\n<p>A Ordem, ao longo de sua hist\u00f3ria, foi reconhecida como uma institui\u00e7\u00e3o fundamental na defesa da democracia, dos direitos humanos e do Estado Democr\u00e1tico de Direito. Mas nesse pleito, especificamente, pairava no ar a apreens\u00e3o de uma proximidade com interesses pol\u00edtico-partid\u00e1rios.<\/p>\n<p>Esse fantasma, por\u00e9m, foi exorcizado logo na abertura das primeiras urnas. No final da apura\u00e7\u00e3o, Poli teve 41% dos votos v\u00e1lidos, cabendo os 51% restantes a quatro outros candidatos. O resultado foi uma mensagem clara: os advogados de Bras\u00edlia querem uma OAB que continue verdadeiramente plural e inclusiva, capaz de representar a diversidade de ideias e valores que caracterizam a categoria.<\/p>\n<p>O compromisso de Poli em liderar uma institui\u00e7\u00e3o de forma apartid\u00e1ria n\u00e3o significa um afastamento das quest\u00f5es sociais e pol\u00edticas. Mesmo porque, o Direito, afinal, est\u00e1 intrinsecamente ligado a elas. Contudo, reafirma que a OAB deve ser orientada por princ\u00edpios \u00e9ticos e t\u00e9cnicos, acima de interesses partid\u00e1rios. Este \u00e9 um lembrete de que a Ordem n\u00e3o \u00e9 um instrumento de poder pol\u00edtico, mas um espa\u00e7o de defesa das prerrogativas da advocacia.<\/p>\n<p>Essa elei\u00e7\u00e3o tamb\u00e9m manteve o esp\u00edrito original da OAB como uma casa de todos os profissionais do Direito, independentemente de sua ideologia ou posicionamento pol\u00edtico. Como costuma dizer o pr\u00f3prio Paulo Maur\u00edcio, a pluralidade, quando respeitada, fortalece o di\u00e1logo interno e a capacidade da institui\u00e7\u00e3o de responder aos desafios do cen\u00e1rio jur\u00eddico e social. Al\u00e9m disso, refor\u00e7a a ideia de que a advocacia \u00e9, antes de tudo, um exerc\u00edcio de cidadania.<\/p>\n<p>O triunfo de Poli \u00e9 um convite \u00e0 reflex\u00e3o para outras se\u00e7\u00f5es e para o Conselho Federal da OAB. Em tempos de polariza\u00e7\u00e3o, a independ\u00eancia institucional n\u00e3o \u00e9 apenas uma necessidade, mas uma virtude. Afinal, uma advocacia livre \u00e9 essencial para a manuten\u00e7\u00e3o de uma sociedade justa e democr\u00e1tica.<\/p>\n<p>Sob a lideran\u00e7a do grupo que dirigiu a Ordem pelos \u00faltimos seis anos, papel que agora caber\u00e1 a Paulo Maur\u00edcio,\u00a0 a expectativa \u00e9 de que a OAB\/DF continue avan\u00e7ando como um espa\u00e7o de di\u00e1logo e integra\u00e7\u00e3o, reafirmando seu papel como guardi\u00e3 dos princ\u00edpios democr\u00e1ticos e da \u00e9tica profissional.<\/p>\n<p>Como revelou a <strong>Notibras<\/strong> um interlocutor da chapa vitoriosa, Poli inicia um novo cap\u00edtulo na hist\u00f3ria da Ordem que come\u00e7ou a ser escrita por D\u00e9lio Lins e Silva Jr. Um per\u00edodo que, por certo, repetir\u00e1 a preocupa\u00e7\u00e3o com a representatividade e o respeito \u00e0 diversidade de seus membros.<\/p>\n","protected":false},"excerpt":{"rendered":"<p>A elei\u00e7\u00e3o de Paulo Poli Maur\u00edcio para a presid\u00eancia da Ordem dos Advogados do Brasil, seccional Bras\u00edlia, representa um marco importante para a entidade e para o campo do Direito como um todo. Sua vit\u00f3ria neste domingo, 17, \u00e0 frente de uma chapa apartid\u00e1ria, reflete um desejo crescente da classe jur\u00eddica por manter independ\u00eancia de [&hellip;]<\/p>\n","protected":false},"author":2,"featured_media":341172,"comment_status":"closed","ping_status":"closed","sticky":false,"template":"","format":"standard","meta":{"_acf_changed":false,"footnotes":""},"categories":[161],"tags":[95],"class_list":["post-341171","post","type-post","status-publish","format-standard","has-post-thumbnail","hentry","category-quadradinho-em-foco","tag-capa"],"acf":[],"_links":{"self":[{"href":"https:\/\/www.notibras.com\/site\/wp-json\/wp\/v2\/posts\/341171","targetHints":{"allow":["GET"]}}],"collection":[{"href":"https:\/\/www.notibras.com\/site\/wp-json\/wp\/v2\/posts"}],"about":[{"href":"https:\/\/www.notibras.com\/site\/wp-json\/wp\/v2\/types\/post"}],"author":[{"embeddable":true,"href":"https:\/\/www.notibras.com\/site\/wp-json\/wp\/v2\/users\/2"}],"replies":[{"embeddable":true,"href":"https:\/\/www.notibras.com\/site\/wp-json\/wp\/v2\/comments?post=341171"}],"version-history":[{"count":3,"href":"https:\/\/www.notibras.com\/site\/wp-json\/wp\/v2\/posts\/341171\/revisions"}],"predecessor-version":[{"id":341175,"href":"https:\/\/www.notibras.com\/site\/wp-json\/wp\/v2\/posts\/341171\/revisions\/341175"}],"wp:featuredmedia":[{"embeddable":true,"href":"https:\/\/www.notibras.com\/site\/wp-json\/wp\/v2\/media\/341172"}],"wp:attachment":[{"href":"https:\/\/www.notibras.com\/site\/wp-json\/wp\/v2\/media?parent=341171"}],"wp:term":[{"taxonomy":"category","embeddable":true,"href":"https:\/\/www.notibras.com\/site\/wp-json\/wp\/v2\/categories?post=341171"},{"taxonomy":"post_tag","embeddable":true,"href":"https:\/\/www.notibras.com\/site\/wp-json\/wp\/v2\/tags?post=341171"}],"curies":[{"name":"wp","href":"https:\/\/api.w.org\/{rel}","templated":true}]}}