{"id":341176,"date":"2024-11-17T20:09:33","date_gmt":"2024-11-17T23:09:33","guid":{"rendered":"https:\/\/www.notibras.com\/site\/?p=341176"},"modified":"2024-11-17T21:52:49","modified_gmt":"2024-11-18T00:52:49","slug":"veve-sinaliza-um-ate-breve-ate-as-proximas-eleicoes","status":"publish","type":"post","link":"https:\/\/www.notibras.com\/site\/veve-sinaliza-um-ate-breve-ate-as-proximas-eleicoes\/","title":{"rendered":"Vev\u00e9 sinaliza um at\u00e9 breve at\u00e9 as pr\u00f3ximas elei\u00e7\u00f5es"},"content":{"rendered":"<p>Em um pronunciamento sereno e carinhoso, Everardo Gueiros, o Vev\u00e9, agradeceu a todos os advogados e advogadas que confiaram nele e em seu grupo a miss\u00e3o de resgatar a OAB-DF da estagna\u00e7\u00e3o administrativa e da falta de combatividade pol\u00edtica. Com um tom acolhedor, Vev\u00e9 reafirmou seu compromisso de seguir na luta em defesa da advocacia e das prerrogativas, conclamando a advocacia que t\u00e3o bem esteve representada o dia inteiro por colegas que visitaram o comit\u00ea de campanha em Taguatinga para prestar apoio e acompanhar o transcurso da vota\u00e7\u00e3o e apura\u00e7\u00e3o.<\/p>\n<p>\u201cEm primeiro lugar, eu quero agradecer a voc\u00eas e agradecer a todos os advogados. Que sonharam com a gente, que votaram na gente, que deram cr\u00e9dito de confian\u00e7a \u00e0 gente e queriam uma OAB melhor, uma OAB mais justa, uma OAB que defendesse os advogados, uma OAB que pensasse verdadeiramente nos advogados,\u201d afirmou.<\/p>\n<p>A campanha de Everardo firmou posi\u00e7\u00e3o e quebrou a hegemonia dos grupos verde e laranja, que h\u00e1 anos se revezam no comando da OAB-DF. Durante o discurso, Vev\u00e9 pontuou: \u201cN\u00f3s vamos tratar isso com serenidade. N\u00f3s n\u00e3o vamos nos apartar dos nossos princ\u00edpios. Um dos grandes princ\u00edpios que nos norteia \u00e9 a transpar\u00eancia e a verdadeira democracia no nosso pleito.\u201d<\/p>\n<p>O pronunciamento deixou claro que o dia 17 de novembro de 2024 marca o in\u00edcio de uma nova jornada. \u201cEu n\u00e3o sei qual ser\u00e1 o pr\u00f3ximo degrau que n\u00f3s vamos subir nessa escada, mas certamente nesse degrau eu quero pedir a voc\u00eas para que n\u00f3s estejamos todos juntos.\u201d<\/p>\n<p>O grupo liderado por Vev\u00e9 demonstrou que a advocacia do DF est\u00e1 pronta para um recome\u00e7o, com foco em um projeto verdadeiramente comprometido com os interesses da classe.<\/p>\n","protected":false},"excerpt":{"rendered":"<p>Em um pronunciamento sereno e carinhoso, Everardo Gueiros, o Vev\u00e9, agradeceu a todos os advogados e advogadas que confiaram nele e em seu grupo a miss\u00e3o de resgatar a OAB-DF da estagna\u00e7\u00e3o administrativa e da falta de combatividade pol\u00edtica. Com um tom acolhedor, Vev\u00e9 reafirmou seu compromisso de seguir na luta em defesa da advocacia [&hellip;]<\/p>\n","protected":false},"author":2,"featured_media":341177,"comment_status":"closed","ping_status":"closed","sticky":false,"template":"","format":"standard","meta":{"_acf_changed":false,"footnotes":""},"categories":[161],"tags":[],"class_list":["post-341176","post","type-post","status-publish","format-standard","has-post-thumbnail","hentry","category-quadradinho-em-foco"],"acf":[],"_links":{"self":[{"href":"https:\/\/www.notibras.com\/site\/wp-json\/wp\/v2\/posts\/341176","targetHints":{"allow":["GET"]}}],"collection":[{"href":"https:\/\/www.notibras.com\/site\/wp-json\/wp\/v2\/posts"}],"about":[{"href":"https:\/\/www.notibras.com\/site\/wp-json\/wp\/v2\/types\/post"}],"author":[{"embeddable":true,"href":"https:\/\/www.notibras.com\/site\/wp-json\/wp\/v2\/users\/2"}],"replies":[{"embeddable":true,"href":"https:\/\/www.notibras.com\/site\/wp-json\/wp\/v2\/comments?post=341176"}],"version-history":[{"count":3,"href":"https:\/\/www.notibras.com\/site\/wp-json\/wp\/v2\/posts\/341176\/revisions"}],"predecessor-version":[{"id":341180,"href":"https:\/\/www.notibras.com\/site\/wp-json\/wp\/v2\/posts\/341176\/revisions\/341180"}],"wp:featuredmedia":[{"embeddable":true,"href":"https:\/\/www.notibras.com\/site\/wp-json\/wp\/v2\/media\/341177"}],"wp:attachment":[{"href":"https:\/\/www.notibras.com\/site\/wp-json\/wp\/v2\/media?parent=341176"}],"wp:term":[{"taxonomy":"category","embeddable":true,"href":"https:\/\/www.notibras.com\/site\/wp-json\/wp\/v2\/categories?post=341176"},{"taxonomy":"post_tag","embeddable":true,"href":"https:\/\/www.notibras.com\/site\/wp-json\/wp\/v2\/tags?post=341176"}],"curies":[{"name":"wp","href":"https:\/\/api.w.org\/{rel}","templated":true}]}}