{"id":341189,"date":"2024-11-18T08:30:44","date_gmt":"2024-11-18T11:30:44","guid":{"rendered":"https:\/\/www.notibras.com\/site\/?p=341189"},"modified":"2024-11-18T08:34:43","modified_gmt":"2024-11-18T11:34:43","slug":"irmao-de-joao-campos-joga-no-time-da-faria-lima-e-ataca-lula-com-cobrancas","status":"publish","type":"post","link":"https:\/\/www.notibras.com\/site\/irmao-de-joao-campos-joga-no-time-da-faria-lima-e-ataca-lula-com-cobrancas\/","title":{"rendered":"Irm\u00e3o de Jo\u00e3o Campos joga no time da Faria Lima e ataca Lula com cobran\u00e7as"},"content":{"rendered":"<p>Irm\u00e3o do prefeito reeleito do Recife, Jo\u00e3o Campos (PSB), o deputado federal Pedro Campos (PSB) criticou o governo federal por aumentar o d\u00e9ficit or\u00e7ament\u00e1rio previsto para 2024 e cobrou do presidente Luiz In\u00e1cio Lula da Silva (PT) o cumprimento do compromisso assumido com o mercado quanto ao corte de despesas p\u00fablicas.<\/p>\n<p>Para Campos, o governo tem responsabilidade &#8220;tanto com o mercado quanto com a sociedade&#8221;, o que o obriga a trabalhar para cumprir uma meta estabelecida, sob pena de perder credibilidade. &#8220;A credibilidade \u00e9 uma palavra fundamental na economia e na gest\u00e3o p\u00fablica&#8221;, disse.<\/p>\n<p>Em entrevista \u00e0 R\u00e1dio Folha, do Recife, o deputado abordou a atual situa\u00e7\u00e3o fiscal do pa\u00eds e as discuss\u00f5es em torno do cumprimento das metas estabelecidas no novo arcabou\u00e7o fiscal, diante da prov\u00e1vel mudan\u00e7a do d\u00e9ficit prim\u00e1rio de at\u00e9 R$ 30 bilh\u00f5es em 2024, para um d\u00e9ficit de at\u00e9 R$ 60 bilh\u00f5es.<\/p>\n<p>Pedro Campos disse que dobrar o d\u00e9ficit com o qual o governo federal havia se comprometido, &#8220;embora um d\u00e9ficit de R$ 60 bilh\u00f5es n\u00e3o seja o maior problema do mundo representa uma quebra de compromisso, que pode impactar a credibilidade do governo junto ao mercado financeiro&#8221;.<\/p>\n<p>&#8220;Muita gente fala sobre a opini\u00e3o do mercado, mas quando o governo se compromete a atingir um d\u00e9ficit de R$ 30 bilh\u00f5es, ele est\u00e1, na verdade, fazendo uma promessa \u00e0 sociedade, e a credibilidade \u00e9 algo que deve ser mantido diante de todos&#8221;, enfatizou.<\/p>\n<p>O deputado ponderou que o governo deve encontrar alternativas para cumprir as metas fiscais sem comprometer investimentos essenciais. Ele acredita que o d\u00e9ficit maior poderia ser explicado com os gastos extraordin\u00e1rios com as enchentes no Rio Grande do Sul.<\/p>\n<p>Campos concluiu destacando a import\u00e2ncia de buscar solu\u00e7\u00f5es para cumprir o que foi acordado no arcabou\u00e7o fiscal e evitar que o pa\u00eds enfrente san\u00e7\u00f5es ou preju\u00edzos \u00e0 sua credibilidade internacional. Caso contr\u00e1rio, acrescentou, &#8220;\u00e9 necess\u00e1rio justificar o descumprimento&#8221;.<\/p>\n","protected":false},"excerpt":{"rendered":"<p>Irm\u00e3o do prefeito reeleito do Recife, Jo\u00e3o Campos (PSB), o deputado federal Pedro Campos (PSB) criticou o governo federal por aumentar o d\u00e9ficit or\u00e7ament\u00e1rio previsto para 2024 e cobrou do presidente Luiz In\u00e1cio Lula da Silva (PT) o cumprimento do compromisso assumido com o mercado quanto ao corte de despesas p\u00fablicas. Para Campos, o governo [&hellip;]<\/p>\n","protected":false},"author":2,"featured_media":341190,"comment_status":"closed","ping_status":"closed","sticky":false,"template":"","format":"standard","meta":{"_acf_changed":false,"footnotes":""},"categories":[165],"tags":[],"class_list":["post-341189","post","type-post","status-publish","format-standard","has-post-thumbnail","hentry","category-nordeste"],"acf":[],"_links":{"self":[{"href":"https:\/\/www.notibras.com\/site\/wp-json\/wp\/v2\/posts\/341189","targetHints":{"allow":["GET"]}}],"collection":[{"href":"https:\/\/www.notibras.com\/site\/wp-json\/wp\/v2\/posts"}],"about":[{"href":"https:\/\/www.notibras.com\/site\/wp-json\/wp\/v2\/types\/post"}],"author":[{"embeddable":true,"href":"https:\/\/www.notibras.com\/site\/wp-json\/wp\/v2\/users\/2"}],"replies":[{"embeddable":true,"href":"https:\/\/www.notibras.com\/site\/wp-json\/wp\/v2\/comments?post=341189"}],"version-history":[{"count":4,"href":"https:\/\/www.notibras.com\/site\/wp-json\/wp\/v2\/posts\/341189\/revisions"}],"predecessor-version":[{"id":341194,"href":"https:\/\/www.notibras.com\/site\/wp-json\/wp\/v2\/posts\/341189\/revisions\/341194"}],"wp:featuredmedia":[{"embeddable":true,"href":"https:\/\/www.notibras.com\/site\/wp-json\/wp\/v2\/media\/341190"}],"wp:attachment":[{"href":"https:\/\/www.notibras.com\/site\/wp-json\/wp\/v2\/media?parent=341189"}],"wp:term":[{"taxonomy":"category","embeddable":true,"href":"https:\/\/www.notibras.com\/site\/wp-json\/wp\/v2\/categories?post=341189"},{"taxonomy":"post_tag","embeddable":true,"href":"https:\/\/www.notibras.com\/site\/wp-json\/wp\/v2\/tags?post=341189"}],"curies":[{"name":"wp","href":"https:\/\/api.w.org\/{rel}","templated":true}]}}