{"id":341195,"date":"2024-11-18T09:11:07","date_gmt":"2024-11-18T12:11:07","guid":{"rendered":"https:\/\/www.notibras.com\/site\/?p=341195"},"modified":"2024-11-18T09:13:13","modified_gmt":"2024-11-18T12:13:13","slug":"almeidinha-o-meu-amigo-colado-como-bicho-do-pe","status":"publish","type":"post","link":"https:\/\/www.notibras.com\/site\/almeidinha-o-meu-amigo-colado-como-bicho-do-pe\/","title":{"rendered":"Almeidinha, o meu amigo colado como bicho-do-p\u00e9"},"content":{"rendered":"<p>Um dos meus melhores amigos \u00e9 o Almeidinha, que conheci quando eu fazia veterin\u00e1ria l\u00e1 na Universidade Federal Rural do Rio de Janeiro. Ele, sempre com a cabe\u00e7a cheia de n\u00fameros, fazia matem\u00e1tica. Ali\u00e1s, a minha esposa, a famosa Dona Irene, j\u00e1 me falou que eu amo todos os meus amigos, menos o Almeidinha, pois com ele a rela\u00e7\u00e3o \u00e9 mesmo de paix\u00e3o.<\/p>\n<p>Sim, isso mesmo: paix\u00e3o! Ela diz que, apesar dos constantes atritos que tenho com o Almeidinha, n\u00e3o consigo ficar muito tempo longe dele. Tanto \u00e9 que, apesar de ele n\u00e3o ser o meu amigo mais antigo, com certeza \u00e9 aquele que tenho mais hist\u00f3rias para contar. E aqui vai uma delas.<\/p>\n<p>Certa vez, n\u00e3o mais do que alguns anos atr\u00e1s, o Almeidinha me telefonou perguntando se eu poderia ajud\u00e1-lo a fazer a mudan\u00e7a. Eu, que na \u00e9poca possu\u00eda uma velha camionete de nome Manoelito, obviamente disse que sim. Como o meu amigo morava em um pequeno apartamento, n\u00e3o possu\u00eda muitas coisas, o que dariam, no m\u00e1ximo, duas viagens at\u00e9 a nova resid\u00eancia.<\/p>\n<p>Ent\u00e3o, no dia combinado, l\u00e1 est\u00e1vamos o Manoelito e eu prontos para essa tarefa, que prometia ser at\u00e9 agrad\u00e1vel. N\u00e3o que eu goste de fazer mudan\u00e7as, mas imaginei que passar uma tarde ao lado do meu amigo seria muito legal. Al\u00e9m disso, como o Almeidinha \u00e9 muito mais corpulento do que eu, com certeza a tarefa mais pesada ficaria por conta dele.<\/p>\n<p>J\u00e1 est\u00e1vamos na segunda e derradeira viagem, quase chegando ao destino, quando o Almeidinha me solta essa: &#8220;Edu, eu quase dei um murro em um cara l\u00e1 do trabalho&#8221;. Eu, que estava ao volante, n\u00e3o consegui deixar de virar o rosto pro lado dele e soltar um &#8220;O qu\u00ea?&#8221;. Da\u00ed, seguiu-se o di\u00e1logo abaixo, que at\u00e9 pode ter sido um pouco diferente do que realmente aconteceu, j\u00e1 que a minha mem\u00f3ria, \u00e0s vezes, falha.<\/p>\n<p>\u2014 P\u00f4, o cara \u00e9 muito chato! Ele vive me provocando o tempo todo.<\/p>\n<p>\u2014 Almeidinha, a gente n\u00e3o faz mais isso!<\/p>\n<p>\u2014 N\u00e3o faz mais o qu\u00ea?<\/p>\n<p>\u2014 A gente n\u00e3o sai mais no tapa com as pessoas.<\/p>\n<p>\u2014 U\u00e9, e por que n\u00e3o?<\/p>\n<p>\u2014 Porque a gente \u00e9 velho.<\/p>\n<p>O Almeidinha me olhou com uma cara de espanto, mesmo porque ele \u00e9 at\u00e9 mais novo que eu. Na verdade, nem somos t\u00e3o velhos assim, mas j\u00e1 passamos, h\u00e1 muito, do tempo de sair na m\u00e3o com os nossos desafetos.<\/p>\n<p>O meu amigo e eu, ap\u00f3s esse dia, praticamente n\u00e3o nos vimos mais, apesar de sempre mantermos contato. \u00c9 que, n\u00e3o tardou, a pandemia se instalou no pa\u00eds. E, pouco ap\u00f3s a situa\u00e7\u00e3o come\u00e7ar a melhorar, eu me mudei para Porto Alegre.<\/p>\n<p>Apesar da dist\u00e2ncia, a amizade continua. Ali\u00e1s, se eu fosse mineiro, ele seria um bicho-de-p\u00e9, que me aborrece muito, mas tamb\u00e9m me distrai da vida, muitas vezes entediante. Talvez eu seja tamb\u00e9m um bicho-de-p\u00e9 pro Almeidinha. E, como conhe\u00e7o bem o meu amigo, ele vai reclamar muito dessa hist\u00f3ria de bicho-de-p\u00e9. Mas tudo bem, pois o problema seria se ele n\u00e3o reclamasse.<\/p>\n<p>&#8230;&#8230;&#8230;.<\/p>\n<p><strong>*Eduardo Mart\u00ednez \u00e9 autor do livro \u201c57 Contos e Cr\u00f4nicas por um Autor muito Velho\u201d.<\/strong><\/p>\n<p>Compre aqui\u00a0<span class=\"x19la9d6 x1fc57z9 x6ikm8r x10wlt62 x19co3pv x1g5zs5t xfibh0p xiy17q3 x1xsqp64 x1lkfr7t xexx8yu x4uap5 x18d9i69 xkhd6sd\"><span class=\"xrtxmta x1bhl96m\"><img decoding=\"async\" class=\"emoji\" role=\"img\" draggable=\"false\" src=\"https:\/\/s.w.org\/images\/core\/emoji\/14.0.0\/svg\/1f447-1f3ff.svg\" alt=\"&#x1f447;&#x1f3ff;\" \/><\/span><\/span><span class=\"x19la9d6 x1fc57z9 x6ikm8r x10wlt62 x19co3pv x1g5zs5t xfibh0p xiy17q3 x1xsqp64 x1lkfr7t xexx8yu x4uap5 x18d9i69 xkhd6sd\"><span class=\"xrtxmta x1bhl96m\"><img decoding=\"async\" class=\"emoji\" role=\"img\" draggable=\"false\" src=\"https:\/\/s.w.org\/images\/core\/emoji\/14.0.0\/svg\/1f447-1f3ff.svg\" alt=\"&#x1f447;&#x1f3ff;\" \/><\/span><\/span><span class=\"x19la9d6 x1fc57z9 x6ikm8r x10wlt62 x19co3pv x1g5zs5t xfibh0p xiy17q3 x1xsqp64 x1lkfr7t xexx8yu x4uap5 x18d9i69 xkhd6sd\"><span class=\"xrtxmta x1bhl96m\"><img decoding=\"async\" class=\"emoji\" role=\"img\" draggable=\"false\" src=\"https:\/\/s.w.org\/images\/core\/emoji\/14.0.0\/svg\/1f447-1f3ff.svg\" alt=\"&#x1f447;&#x1f3ff;\" \/><\/span><\/span><\/p>\n<p><a href=\"http:\/\/www.joanineditora.com.br\/57-contos-e-cronicas-por-um-autor-muito-velho\">http:\/\/www.joanineditora.com.br\/57-contos-e-cronicas-por-um-autor-muito-velho<\/a><\/p>\n","protected":false},"excerpt":{"rendered":"<p>Um dos meus melhores amigos \u00e9 o Almeidinha, que conheci quando eu fazia veterin\u00e1ria l\u00e1 na Universidade Federal Rural do Rio de Janeiro. Ele, sempre com a cabe\u00e7a cheia de n\u00fameros, fazia matem\u00e1tica. Ali\u00e1s, a minha esposa, a famosa Dona Irene, j\u00e1 me falou que eu amo todos os meus amigos, menos o Almeidinha, pois [&hellip;]<\/p>\n","protected":false},"author":2,"featured_media":341196,"comment_status":"closed","ping_status":"closed","sticky":false,"template":"","format":"standard","meta":{"_acf_changed":false,"footnotes":""},"categories":[161],"tags":[],"class_list":["post-341195","post","type-post","status-publish","format-standard","has-post-thumbnail","hentry","category-quadradinho-em-foco"],"acf":[],"_links":{"self":[{"href":"https:\/\/www.notibras.com\/site\/wp-json\/wp\/v2\/posts\/341195","targetHints":{"allow":["GET"]}}],"collection":[{"href":"https:\/\/www.notibras.com\/site\/wp-json\/wp\/v2\/posts"}],"about":[{"href":"https:\/\/www.notibras.com\/site\/wp-json\/wp\/v2\/types\/post"}],"author":[{"embeddable":true,"href":"https:\/\/www.notibras.com\/site\/wp-json\/wp\/v2\/users\/2"}],"replies":[{"embeddable":true,"href":"https:\/\/www.notibras.com\/site\/wp-json\/wp\/v2\/comments?post=341195"}],"version-history":[{"count":2,"href":"https:\/\/www.notibras.com\/site\/wp-json\/wp\/v2\/posts\/341195\/revisions"}],"predecessor-version":[{"id":341198,"href":"https:\/\/www.notibras.com\/site\/wp-json\/wp\/v2\/posts\/341195\/revisions\/341198"}],"wp:featuredmedia":[{"embeddable":true,"href":"https:\/\/www.notibras.com\/site\/wp-json\/wp\/v2\/media\/341196"}],"wp:attachment":[{"href":"https:\/\/www.notibras.com\/site\/wp-json\/wp\/v2\/media?parent=341195"}],"wp:term":[{"taxonomy":"category","embeddable":true,"href":"https:\/\/www.notibras.com\/site\/wp-json\/wp\/v2\/categories?post=341195"},{"taxonomy":"post_tag","embeddable":true,"href":"https:\/\/www.notibras.com\/site\/wp-json\/wp\/v2\/tags?post=341195"}],"curies":[{"name":"wp","href":"https:\/\/api.w.org\/{rel}","templated":true}]}}