{"id":341199,"date":"2024-11-18T00:49:28","date_gmt":"2024-11-18T03:49:28","guid":{"rendered":"https:\/\/www.notibras.com\/site\/?p=341199"},"modified":"2024-11-18T09:51:10","modified_gmt":"2024-11-18T12:51:10","slug":"pavimentacao-de-rodovias-vicinais-beneficia-de-10-mil-motoristas","status":"publish","type":"post","link":"https:\/\/www.notibras.com\/site\/pavimentacao-de-rodovias-vicinais-beneficia-de-10-mil-motoristas\/","title":{"rendered":"Pavimenta\u00e7\u00e3o de rodovias vicinais beneficia de 10 mil motoristas"},"content":{"rendered":"<p>O trajeto que liga a \u00e1rea rural do Gama ao Jardim Serra Dourada, em Santo Ant\u00f4nio do Descoberto (GO), passa por uma transforma\u00e7\u00e3o. O trecho de 7,5 km das rodovias vicinais VC-383 e VC-379 est\u00e1 sendo pavimentado e alargado pelo Governo do Distrito Federal (GDF), por meio do Departamento de Estradas de Rodagem (DER), para beneficiar mais de 10 mil motoristas que trafegam pela regi\u00e3o.<\/p>\n<p>Com investimento de R$ 13,5 milh\u00f5es e gera\u00e7\u00e3o de 70 empregos, a obra consiste na extens\u00e3o e na concretagem da via que ter\u00e1 duas faixas de 11 metros e dois acostamentos de 2,5 metros, sendo um de cada lado. O servi\u00e7o inclui a constru\u00e7\u00e3o de uma nova ponte, terraplenagem, drenagem e sinaliza\u00e7\u00e3o horizontal e vertical.<\/p>\n<p>\u201cJ\u00e1 estamos na fase final da obra, com a maior parte do pavimento conclu\u00edda. Agora estamos finalizando a segunda camada de asfalto\u201d, afirma o engenheiro do DER, Paulo Robert Machado. \u201cTamb\u00e9m est\u00e1 sendo feito o acesso \u00e0 ponte, que precisou ser reconstru\u00edda devido ao alargamento da via\u201d, completa.<\/p>\n<p>A chegada do asfalto era esperada h\u00e1 d\u00e9cadas pelos motoristas que precisam transitar na via que faz a divisa entre o Distrito Federal e o Goi\u00e1s e pela comunidade que vive nas imedia\u00e7\u00f5es.<\/p>\n<p>Gabriel de Aquino Tavares, 23 anos, \u00e9 propriet\u00e1rio do Pesqueiro Ip\u00ea, na Ponte Alta Sul do Gama, que funciona h\u00e1 11 anos como um ponto de lazer e conviv\u00eancia. O empres\u00e1rio diz que a falta de pavimenta\u00e7\u00e3o era um dos grandes obst\u00e1culos para os visitantes.<\/p>\n<p>\u201cT\u00ednhamos que percorrer 1 km de terra at\u00e9 o local. Agora, com a pavimenta\u00e7\u00e3o, restam apenas 200 metros. Isso facilita o acesso para os clientes, que agora chegam com mais tranquilidade e seguran\u00e7a, melhorando a experi\u00eancia e a movimenta\u00e7\u00e3o no nosso espa\u00e7o. A pavimenta\u00e7\u00e3o dessas vias garante o acesso mais seguro e confort\u00e1vel, principalmente, em tempos de chuvas\u201d, conta.<\/p>\n","protected":false},"excerpt":{"rendered":"<p>O trajeto que liga a \u00e1rea rural do Gama ao Jardim Serra Dourada, em Santo Ant\u00f4nio do Descoberto (GO), passa por uma transforma\u00e7\u00e3o. O trecho de 7,5 km das rodovias vicinais VC-383 e VC-379 est\u00e1 sendo pavimentado e alargado pelo Governo do Distrito Federal (GDF), por meio do Departamento de Estradas de Rodagem (DER), para [&hellip;]<\/p>\n","protected":false},"author":2,"featured_media":341200,"comment_status":"closed","ping_status":"closed","sticky":false,"template":"","format":"standard","meta":{"_acf_changed":false,"footnotes":""},"categories":[161],"tags":[],"class_list":["post-341199","post","type-post","status-publish","format-standard","has-post-thumbnail","hentry","category-quadradinho-em-foco"],"acf":[],"_links":{"self":[{"href":"https:\/\/www.notibras.com\/site\/wp-json\/wp\/v2\/posts\/341199","targetHints":{"allow":["GET"]}}],"collection":[{"href":"https:\/\/www.notibras.com\/site\/wp-json\/wp\/v2\/posts"}],"about":[{"href":"https:\/\/www.notibras.com\/site\/wp-json\/wp\/v2\/types\/post"}],"author":[{"embeddable":true,"href":"https:\/\/www.notibras.com\/site\/wp-json\/wp\/v2\/users\/2"}],"replies":[{"embeddable":true,"href":"https:\/\/www.notibras.com\/site\/wp-json\/wp\/v2\/comments?post=341199"}],"version-history":[{"count":1,"href":"https:\/\/www.notibras.com\/site\/wp-json\/wp\/v2\/posts\/341199\/revisions"}],"predecessor-version":[{"id":341201,"href":"https:\/\/www.notibras.com\/site\/wp-json\/wp\/v2\/posts\/341199\/revisions\/341201"}],"wp:featuredmedia":[{"embeddable":true,"href":"https:\/\/www.notibras.com\/site\/wp-json\/wp\/v2\/media\/341200"}],"wp:attachment":[{"href":"https:\/\/www.notibras.com\/site\/wp-json\/wp\/v2\/media?parent=341199"}],"wp:term":[{"taxonomy":"category","embeddable":true,"href":"https:\/\/www.notibras.com\/site\/wp-json\/wp\/v2\/categories?post=341199"},{"taxonomy":"post_tag","embeddable":true,"href":"https:\/\/www.notibras.com\/site\/wp-json\/wp\/v2\/tags?post=341199"}],"curies":[{"name":"wp","href":"https:\/\/api.w.org\/{rel}","templated":true}]}}