{"id":341202,"date":"2024-11-18T00:04:58","date_gmt":"2024-11-18T03:04:58","guid":{"rendered":"https:\/\/www.notibras.com\/site\/?p=341202"},"modified":"2024-11-18T09:58:40","modified_gmt":"2024-11-18T12:58:40","slug":"leite-materno-e-fundamental-para-o-desenvolvimento-dos-prematuros","status":"publish","type":"post","link":"https:\/\/www.notibras.com\/site\/leite-materno-e-fundamental-para-o-desenvolvimento-dos-prematuros\/","title":{"rendered":"Leite materno \u00e9 fundamental para o desenvolvimento dos prematuros"},"content":{"rendered":"<p>A campanha Novembro Roxo conscientiza a popula\u00e7\u00e3o acerca dos desafios dos nascimentos prematuros em todo o mundo, tendo em vista que no dia 17 \u00e9 comemorado o Dia Mundial da Prematuridade. A data tem a finalidade de alertar sobre o crescente n\u00famero de partos prematuros, como preveni-los e informar a respeito das consequ\u00eancias do nascimento antecipado tanto para o bebe\u0302, fam\u00edlia, sociedade e tamb\u00e9m para a equipe de sa\u00fade.<\/p>\n<p>O roxo simboliza sensibilidade e individualidade, caracter\u00edsticas que s\u00e3o muito peculiares aos beb\u00eas prematuros. Al\u00e9m disso, a cor tamb\u00e9m significa transmuta\u00e7\u00e3o e mudan\u00e7a. De acordo com a Organiza\u00e7\u00e3o Mundial da Sa\u00fade (OMS), \u00e9 considerado beb\u00ea prematuro aquele que nasce antes das 37 semanas de gesta\u00e7\u00e3o. Subdivide-se a classifica\u00e7\u00e3o em prematuros extremos, os que vieram ao mundo antes das 28 semanas e correm mais risco de vida.<\/p>\n<p>Refer\u00eancia no atendimento a gestantes de alto risco da regi\u00e3o de sa\u00fade sul e entorno sul do Distrito Federal, o Hospital Regional de Santa Maria (HRSM) acaba realizando um n\u00famero elevado de partos prematuros devido \u00e0 complexidade do servi\u00e7o. Atualmente, o HRSM possui 20 leitos na Unidade de Terapia Intensiva Neonatal (Utin), 15 leitos na Unidade de Cuidados Intermedi\u00e1rios Neonatal (Ucin) e mais 51 leitos na maternidade, sendo dez deles destinados \u00e0s gestantes de alto risco, al\u00e9m de contar com um Banco de Leite Humano (BLH) e com uma equipe multidisciplinar para prestar toda a assist\u00eancia a este beb\u00ea prematuro e sua fam\u00edlia desde seu nascimento.<\/p>\n<p>Essencial para o desenvolvimento da crian\u00e7a, o leite materno \u00e9 um aliado important\u00edssimo para a vida dos rec\u00e9m-nascidos, principalmente os prematuros, tendo em vista que em alguns casos, eles ainda n\u00e3o podem ter contato com a m\u00e3e para mamar.<\/p>\n<p>\u201cCada gota consumida faz a diferen\u00e7a na vida deste bebezinho prematuro. Por isso, todos os dias passamos visitando e conversando com as m\u00e3es, perguntando como elas est\u00e3o, se elas t\u00eam conseguido tirar o leite. Nesse processo, bem informal, \u00e9 poss\u00edvel identificar aquelas m\u00e3es que apresentam dificuldade e prestamos um aux\u00edlio\u201d, afirma a chefe do servi\u00e7o de Banco de Leite Humano do HRSM, Maria Helena Santos Faria.<\/p>\n<p>Segundo ela, as doa\u00e7\u00f5es s\u00e3o essenciais, pois a prioridade s\u00e3o os beb\u00eas prematuros. \u201cTemos uma m\u00e9dia de 600 beb\u00eas receptores de leite humano por m\u00eas, sendo diariamente cerca de 35 beb\u00eas alimentados com nossos estoques\u201d, explica. Em outubro, o BLH do HRSM conseguiu coletar um total de 206,19 litros de leite, ficando atr\u00e1s do m\u00eas de setembro, quando foram arrecadados 214,28 litros. As doa\u00e7\u00f5es s\u00e3o sempre necess\u00e1rias.<\/p>\n<p><strong>Import\u00e2ncia do Banco de Leite Humano<\/strong><br \/>\nThayse Sampaio, de 34 anos, \u00e9 m\u00e3e do pequeno Heitor, de 2 aninhos. Seu filho nasceu no HRSM, prematuro, de 33 semanas, pesando apenas 1,314 kg e medindo 38 cm.<\/p>\n<p>\u201cMesmo nascendo bem pequeno e com baixo peso, ele n\u00e3o precisou ir para a Utin, foi direto para a Ucin ganhar peso. L\u00e1 ficamos por 32 dias. Heitor tinha dificuldade de ganhar peso. Eu tinha bastante leite, mas ele n\u00e3o conseguia mamar por muito tempo. Ent\u00e3o, a equipe me ensinou a fazer a ordenha. Recebemos alta, mas precis\u00e1vamos continuar indo ao Banco de Leite uma vez por semana para acompanhar a evolu\u00e7\u00e3o. Ele saiu do hospital com 1.826 kg. Acompanhamos at\u00e9 ele fazer 2 meses. Depois, ele recebeu alta do Banco de Leite e j\u00e1 n\u00e3o faz\u00edamos mais a translacta\u00e7\u00e3o, ele mamava j\u00e1 no peito em livre demanda e mama at\u00e9 hoje\u201d, relata.<\/p>\n<p>Segundo Thayse, o apoio da equipe do Banco de Leite foi fundamental para o sucesso da amamenta\u00e7\u00e3o, pois ela n\u00e3o sabia muito acerca do assunto e desde o primeiro dia foi acompanhada e assistida da melhor forma, as orienta\u00e7\u00f5es foram muito importantes no processo. \u201cDoei leite quando estava internada e tamb\u00e9m em casa, o pessoal do Corpo de Bombeiros ia uma vez por semana buscar. O leite materno \u00e9 muito importante no sentido de alimentar, na recupera\u00e7\u00e3o, mas tamb\u00e9m para criar o v\u00ednculo entre m\u00e3e e filho\u201d, conclui.<\/p>\n<p>Toda m\u00e3e que amamenta seu filho \u00e9 uma potencial doadora e pode ajudar centenas de beb\u00eas. Quem tiver interesse, basta procurar o Banco de Leite Humano do HRSM ou se preferir, se inscrever pelo site Amamenta Bras\u00edlia, ou fazer o cadastro no telefone 160 \u2013 op\u00e7\u00e3o 4.<\/p>\n","protected":false},"excerpt":{"rendered":"<p>A campanha Novembro Roxo conscientiza a popula\u00e7\u00e3o acerca dos desafios dos nascimentos prematuros em todo o mundo, tendo em vista que no dia 17 \u00e9 comemorado o Dia Mundial da Prematuridade. A data tem a finalidade de alertar sobre o crescente n\u00famero de partos prematuros, como preveni-los e informar a respeito das consequ\u00eancias do nascimento [&hellip;]<\/p>\n","protected":false},"author":2,"featured_media":341203,"comment_status":"closed","ping_status":"closed","sticky":false,"template":"","format":"standard","meta":{"_acf_changed":false,"footnotes":""},"categories":[161],"tags":[],"class_list":["post-341202","post","type-post","status-publish","format-standard","has-post-thumbnail","hentry","category-quadradinho-em-foco"],"acf":[],"_links":{"self":[{"href":"https:\/\/www.notibras.com\/site\/wp-json\/wp\/v2\/posts\/341202","targetHints":{"allow":["GET"]}}],"collection":[{"href":"https:\/\/www.notibras.com\/site\/wp-json\/wp\/v2\/posts"}],"about":[{"href":"https:\/\/www.notibras.com\/site\/wp-json\/wp\/v2\/types\/post"}],"author":[{"embeddable":true,"href":"https:\/\/www.notibras.com\/site\/wp-json\/wp\/v2\/users\/2"}],"replies":[{"embeddable":true,"href":"https:\/\/www.notibras.com\/site\/wp-json\/wp\/v2\/comments?post=341202"}],"version-history":[{"count":1,"href":"https:\/\/www.notibras.com\/site\/wp-json\/wp\/v2\/posts\/341202\/revisions"}],"predecessor-version":[{"id":341204,"href":"https:\/\/www.notibras.com\/site\/wp-json\/wp\/v2\/posts\/341202\/revisions\/341204"}],"wp:featuredmedia":[{"embeddable":true,"href":"https:\/\/www.notibras.com\/site\/wp-json\/wp\/v2\/media\/341203"}],"wp:attachment":[{"href":"https:\/\/www.notibras.com\/site\/wp-json\/wp\/v2\/media?parent=341202"}],"wp:term":[{"taxonomy":"category","embeddable":true,"href":"https:\/\/www.notibras.com\/site\/wp-json\/wp\/v2\/categories?post=341202"},{"taxonomy":"post_tag","embeddable":true,"href":"https:\/\/www.notibras.com\/site\/wp-json\/wp\/v2\/tags?post=341202"}],"curies":[{"name":"wp","href":"https:\/\/api.w.org\/{rel}","templated":true}]}}