{"id":341205,"date":"2024-11-18T00:00:19","date_gmt":"2024-11-18T03:00:19","guid":{"rendered":"https:\/\/www.notibras.com\/site\/?p=341205"},"modified":"2024-11-18T10:04:51","modified_gmt":"2024-11-18T13:04:51","slug":"rua-do-lazer-estreia-com-programacao-gratuita-aos-domingos","status":"publish","type":"post","link":"https:\/\/www.notibras.com\/site\/rua-do-lazer-estreia-com-programacao-gratuita-aos-domingos\/","title":{"rendered":"Rua do Lazer estreia com programa\u00e7\u00e3o gratuita aos domingos"},"content":{"rendered":"<p>Planaltina estreou neste domingo (17) o projeto Rua do Lazer. No lugar de autom\u00f3veis, parte da Avenida NS1, no trecho entre o restaurante comunit\u00e1rio e o Centro Ol\u00edmpico, foi ocupada por pessoas que dedicaram o dia a atividades culturais, esportivas e de bem-estar.<\/p>\n<p>Semelhante ao consolidado Eix\u00e3o do Lazer, no Plano Piloto, e ao que outras regi\u00f5es administrativas como Cruzeiro, Parano\u00e1 e Guar\u00e1 j\u00e1 promoveram, o projeto em Planaltina vai ocupar as ruas da cidade mais antiga do Distrito Federal todos os domingos, das 9h \u00e0s 17h. A inten\u00e7\u00e3o \u00e9 que os moradores e visitantes da cidade se conectem com ela de uma forma mais intensa e possam aproveit\u00e1-la para se divertir.<\/p>\n<p>\u201cA ideia \u00e9 deixar bem \u00e0 vontade, para que as pessoas possam brincar, jogar futebol, v\u00f4lei e praticar outras atividades\u201d, explicou o administrador de Planaltina, Wesley Fonseca, destacando que o evento ser\u00e1 aberto para todos, incluindo comerciantes e ambulantes da regi\u00e3o, que poder\u00e3o vender seus produtos no local. \u201cTemos aqui muitas \u00e1rvores e sombra, o que torna o espa\u00e7o ideal para a molecada se divertir e as fam\u00edlias fazerem piquenique\u201d, acrescentou. Ap\u00f3s a estreia neste domingo (17), a administra\u00e7\u00e3o regional prepara a oficializa\u00e7\u00e3o do evento, a ser publicado no Di\u00e1rio Oficial (DODF).<\/p>\n<p>Alan Ribeiro, aut\u00f4nomo de 33 anos, passava de bicicleta pela avenida quando viu a estrutura montada. Morador da cidade h\u00e1 seis anos, ele aprovou a proposta. \u201cAcho que vai ser um programa bacana, principalmente para quem fica em casa no final de semana sem ter o que fazer. Vai ser uma boa op\u00e7\u00e3o de lazer\u201d, afirmou. \u201cCom certeza, virei de bicicleta todo domingo. Costumo andar de bicicleta aqui aos s\u00e1bados e domingos e vou vir mais para aproveitar\u201d, concluiu.<\/p>\n<p>A estreia da Rua do Lazer contou com apresenta\u00e7\u00f5es de artes marciais, gin\u00e1stica localizada, v\u00f4lei, aula de FitDance, brinquedos para as crian\u00e7as, pintura de rosto e corte de cabelo. Trailers e barracas de alimenta\u00e7\u00e3o e de venda de produtos tamb\u00e9m marcaram presen\u00e7a, fortalecendo a conviv\u00eancia da comunidade.<\/p>\n<p>Uma das comerciantes a prestigiar o evento foi a vendedora de la\u00e7os de cabelo e acess\u00f3rios Mayara Almeida, 29 anos. Ela espera que seja a primeira de muitas edi\u00e7\u00f5es e pretende consolidar sua presen\u00e7a no local. \u201cGostei bastante da ideia e espero que a comunidade de Planaltina abrace esse projeto, venha todo domingo com a fam\u00edlia para aproveitar o dia inteiro\u201d, afirmou Mayara. Para ela, a cria\u00e7\u00e3o de um espa\u00e7o fechado para os carros e aberto para as pessoas \u00e9 uma novidade positiva para a cidade. \u201cFaltava algo assim em Planaltina. Vai ser \u00f3timo para quem gosta de atividade f\u00edsica, e tamb\u00e9m para as crian\u00e7as e as fam\u00edlias\u201d, finalizou.<\/p>\n","protected":false},"excerpt":{"rendered":"<p>Planaltina estreou neste domingo (17) o projeto Rua do Lazer. No lugar de autom\u00f3veis, parte da Avenida NS1, no trecho entre o restaurante comunit\u00e1rio e o Centro Ol\u00edmpico, foi ocupada por pessoas que dedicaram o dia a atividades culturais, esportivas e de bem-estar. Semelhante ao consolidado Eix\u00e3o do Lazer, no Plano Piloto, e ao que [&hellip;]<\/p>\n","protected":false},"author":2,"featured_media":341206,"comment_status":"closed","ping_status":"closed","sticky":false,"template":"","format":"standard","meta":{"_acf_changed":false,"footnotes":""},"categories":[161],"tags":[],"class_list":["post-341205","post","type-post","status-publish","format-standard","has-post-thumbnail","hentry","category-quadradinho-em-foco"],"acf":[],"_links":{"self":[{"href":"https:\/\/www.notibras.com\/site\/wp-json\/wp\/v2\/posts\/341205","targetHints":{"allow":["GET"]}}],"collection":[{"href":"https:\/\/www.notibras.com\/site\/wp-json\/wp\/v2\/posts"}],"about":[{"href":"https:\/\/www.notibras.com\/site\/wp-json\/wp\/v2\/types\/post"}],"author":[{"embeddable":true,"href":"https:\/\/www.notibras.com\/site\/wp-json\/wp\/v2\/users\/2"}],"replies":[{"embeddable":true,"href":"https:\/\/www.notibras.com\/site\/wp-json\/wp\/v2\/comments?post=341205"}],"version-history":[{"count":1,"href":"https:\/\/www.notibras.com\/site\/wp-json\/wp\/v2\/posts\/341205\/revisions"}],"predecessor-version":[{"id":341207,"href":"https:\/\/www.notibras.com\/site\/wp-json\/wp\/v2\/posts\/341205\/revisions\/341207"}],"wp:featuredmedia":[{"embeddable":true,"href":"https:\/\/www.notibras.com\/site\/wp-json\/wp\/v2\/media\/341206"}],"wp:attachment":[{"href":"https:\/\/www.notibras.com\/site\/wp-json\/wp\/v2\/media?parent=341205"}],"wp:term":[{"taxonomy":"category","embeddable":true,"href":"https:\/\/www.notibras.com\/site\/wp-json\/wp\/v2\/categories?post=341205"},{"taxonomy":"post_tag","embeddable":true,"href":"https:\/\/www.notibras.com\/site\/wp-json\/wp\/v2\/tags?post=341205"}],"curies":[{"name":"wp","href":"https:\/\/api.w.org\/{rel}","templated":true}]}}