{"id":341277,"date":"2024-11-19T07:03:56","date_gmt":"2024-11-19T10:03:56","guid":{"rendered":"https:\/\/www.notibras.com\/site\/?p=341277"},"modified":"2024-11-19T07:05:40","modified_gmt":"2024-11-19T10:05:40","slug":"show-especial-marca-aniversario-de-nascimento-de-joao-pernambuco","status":"publish","type":"post","link":"https:\/\/www.notibras.com\/site\/show-especial-marca-aniversario-de-nascimento-de-joao-pernambuco\/","title":{"rendered":"Show especial marca anivers\u00e1rio de nascimento de Jo\u00e3o Pernambuco"},"content":{"rendered":"<p>Na sexta-feira, 22, em celebra\u00e7\u00e3o aos 141 anos de nascimento de Jo\u00e3o Pernambuco (1883-1947), um dos pioneiros da composi\u00e7\u00e3o para viol\u00e3o solo no Brasil e autor do ic\u00f4nico hino sertanejo &#8220;Luar do Sert\u00e3o&#8221;, com letra de Catulo da Paix\u00e3o Cearense, ser\u00e1 lan\u00e7ado o projeto audiovisual &#8220;Jo\u00e3o Pernambuco &#8211; Cora\u00e7\u00e3o do Viol\u00e3o&#8221;.<\/p>\n<p>A homenagem, liderada pela cantora mineira Glaucia Nasser, estar\u00e1 dispon\u00edvel no YouTube e promete trazer uma releitura sens\u00edvel da obra do violonista, destacando sua contribui\u00e7\u00e3o singular \u00e0 m\u00fasica brasileira.<\/p>\n<p>Jo\u00e3o Pernambuco, cuja trajet\u00f3ria combina influ\u00eancias sertanejas e urbanas, \u00e9 amplamente reconhecido por sua capacidade de traduzir as paisagens do sert\u00e3o e a alma do povo brasileiro em composi\u00e7\u00f5es memor\u00e1veis.<\/p>\n<p>O projeto busca perpetuar a heran\u00e7a cultural deixada por Jo\u00e3o Pernambuco, valorizando seu papel como precursor da m\u00fasica instrumental brasileira e sua relev\u00e2ncia para o viol\u00e3o solo mundial.<\/p>\n<p>Esse lan\u00e7amento representa mais uma oportunidade de redescobrir a genialidade de um dos maiores expoentes da m\u00fasica popular e cl\u00e1ssica do Brasil.<\/p>\n","protected":false},"excerpt":{"rendered":"<p>Na sexta-feira, 22, em celebra\u00e7\u00e3o aos 141 anos de nascimento de Jo\u00e3o Pernambuco (1883-1947), um dos pioneiros da composi\u00e7\u00e3o para viol\u00e3o solo no Brasil e autor do ic\u00f4nico hino sertanejo &#8220;Luar do Sert\u00e3o&#8221;, com letra de Catulo da Paix\u00e3o Cearense, ser\u00e1 lan\u00e7ado o projeto audiovisual &#8220;Jo\u00e3o Pernambuco &#8211; Cora\u00e7\u00e3o do Viol\u00e3o&#8221;. A homenagem, liderada pela [&hellip;]<\/p>\n","protected":false},"author":2,"featured_media":341278,"comment_status":"closed","ping_status":"closed","sticky":false,"template":"","format":"standard","meta":{"_acf_changed":false,"footnotes":""},"categories":[165],"tags":[],"class_list":["post-341277","post","type-post","status-publish","format-standard","has-post-thumbnail","hentry","category-nordeste"],"acf":[],"_links":{"self":[{"href":"https:\/\/www.notibras.com\/site\/wp-json\/wp\/v2\/posts\/341277","targetHints":{"allow":["GET"]}}],"collection":[{"href":"https:\/\/www.notibras.com\/site\/wp-json\/wp\/v2\/posts"}],"about":[{"href":"https:\/\/www.notibras.com\/site\/wp-json\/wp\/v2\/types\/post"}],"author":[{"embeddable":true,"href":"https:\/\/www.notibras.com\/site\/wp-json\/wp\/v2\/users\/2"}],"replies":[{"embeddable":true,"href":"https:\/\/www.notibras.com\/site\/wp-json\/wp\/v2\/comments?post=341277"}],"version-history":[{"count":3,"href":"https:\/\/www.notibras.com\/site\/wp-json\/wp\/v2\/posts\/341277\/revisions"}],"predecessor-version":[{"id":341281,"href":"https:\/\/www.notibras.com\/site\/wp-json\/wp\/v2\/posts\/341277\/revisions\/341281"}],"wp:featuredmedia":[{"embeddable":true,"href":"https:\/\/www.notibras.com\/site\/wp-json\/wp\/v2\/media\/341278"}],"wp:attachment":[{"href":"https:\/\/www.notibras.com\/site\/wp-json\/wp\/v2\/media?parent=341277"}],"wp:term":[{"taxonomy":"category","embeddable":true,"href":"https:\/\/www.notibras.com\/site\/wp-json\/wp\/v2\/categories?post=341277"},{"taxonomy":"post_tag","embeddable":true,"href":"https:\/\/www.notibras.com\/site\/wp-json\/wp\/v2\/tags?post=341277"}],"curies":[{"name":"wp","href":"https:\/\/api.w.org\/{rel}","templated":true}]}}