{"id":341285,"date":"2024-11-19T00:00:24","date_gmt":"2024-11-19T03:00:24","guid":{"rendered":"https:\/\/www.notibras.com\/site\/?p=341285"},"modified":"2024-11-19T07:24:32","modified_gmt":"2024-11-19T10:24:32","slug":"serial-killer-de-alagoas-escolhia-vitimas-no-instagram","status":"publish","type":"post","link":"https:\/\/www.notibras.com\/site\/serial-killer-de-alagoas-escolhia-vitimas-no-instagram\/","title":{"rendered":"Serial killer de Alagoas escolhia v\u00edtimas no Instagram"},"content":{"rendered":"<p>Albino Santos de Lima, apontado pela Pol\u00edcia Civil de Alagoas como o maior serial killer j\u00e1 identificado no Estado, preso em setembro deste ano, escolhia suas v\u00edtimas utilizando perfis do Instagram.<\/p>\n<p>Ele direcionava a busca exclusivamente a mulheres que atendiam a um padr\u00e3o espec\u00edfico: jovens, morenas e consideradas bonitas.<\/p>\n<p>A investiga\u00e7\u00e3o policial revelou uma obsess\u00e3o do suspeito por esse perfil, o que facilitou sua identifica\u00e7\u00e3o e captura.<\/p>\n<p>O caso chocou a popula\u00e7\u00e3o e mobilizou as for\u00e7as de seguran\u00e7a, que agora trabalham para esclarecer a extens\u00e3o de seus crimes. Mais detalhes sobre o n\u00famero de v\u00edtimas e as circunst\u00e2ncias dos crimes ainda est\u00e3o sendo apurados pelas autoridades.<\/p>\n","protected":false},"excerpt":{"rendered":"<p>Albino Santos de Lima, apontado pela Pol\u00edcia Civil de Alagoas como o maior serial killer j\u00e1 identificado no Estado, preso em setembro deste ano, escolhia suas v\u00edtimas utilizando perfis do Instagram. Ele direcionava a busca exclusivamente a mulheres que atendiam a um padr\u00e3o espec\u00edfico: jovens, morenas e consideradas bonitas. A investiga\u00e7\u00e3o policial revelou uma obsess\u00e3o [&hellip;]<\/p>\n","protected":false},"author":2,"featured_media":341286,"comment_status":"closed","ping_status":"closed","sticky":false,"template":"","format":"standard","meta":{"_acf_changed":false,"footnotes":""},"categories":[165],"tags":[],"class_list":["post-341285","post","type-post","status-publish","format-standard","has-post-thumbnail","hentry","category-nordeste"],"acf":[],"_links":{"self":[{"href":"https:\/\/www.notibras.com\/site\/wp-json\/wp\/v2\/posts\/341285","targetHints":{"allow":["GET"]}}],"collection":[{"href":"https:\/\/www.notibras.com\/site\/wp-json\/wp\/v2\/posts"}],"about":[{"href":"https:\/\/www.notibras.com\/site\/wp-json\/wp\/v2\/types\/post"}],"author":[{"embeddable":true,"href":"https:\/\/www.notibras.com\/site\/wp-json\/wp\/v2\/users\/2"}],"replies":[{"embeddable":true,"href":"https:\/\/www.notibras.com\/site\/wp-json\/wp\/v2\/comments?post=341285"}],"version-history":[{"count":1,"href":"https:\/\/www.notibras.com\/site\/wp-json\/wp\/v2\/posts\/341285\/revisions"}],"predecessor-version":[{"id":341287,"href":"https:\/\/www.notibras.com\/site\/wp-json\/wp\/v2\/posts\/341285\/revisions\/341287"}],"wp:featuredmedia":[{"embeddable":true,"href":"https:\/\/www.notibras.com\/site\/wp-json\/wp\/v2\/media\/341286"}],"wp:attachment":[{"href":"https:\/\/www.notibras.com\/site\/wp-json\/wp\/v2\/media?parent=341285"}],"wp:term":[{"taxonomy":"category","embeddable":true,"href":"https:\/\/www.notibras.com\/site\/wp-json\/wp\/v2\/categories?post=341285"},{"taxonomy":"post_tag","embeddable":true,"href":"https:\/\/www.notibras.com\/site\/wp-json\/wp\/v2\/tags?post=341285"}],"curies":[{"name":"wp","href":"https:\/\/api.w.org\/{rel}","templated":true}]}}