{"id":341290,"date":"2024-11-19T00:00:35","date_gmt":"2024-11-19T03:00:35","guid":{"rendered":"https:\/\/www.notibras.com\/site\/?p=341290"},"modified":"2024-11-19T08:08:37","modified_gmt":"2024-11-19T11:08:37","slug":"ministro-defende-novas-parcerias-para-impulsionar-agricultura-familiar","status":"publish","type":"post","link":"https:\/\/www.notibras.com\/site\/ministro-defende-novas-parcerias-para-impulsionar-agricultura-familiar\/","title":{"rendered":"Ministro defende novas parcerias para impulsionar agricultura familiar"},"content":{"rendered":"<p>O ministro do Desenvolvimento Agr\u00e1rio e Agricultura Familiar, Paulo Teixeira, destacou a possibilidade de estabelecer novas parcerias internacionais que ajudem no desenvolvimento tecnol\u00f3gico da agricultura familiar do pa\u00eds. Em entrevista coletiva no centro de m\u00eddia do G20, que ocorre no Rio de Janeiro, ele destacou as rela\u00e7\u00f5es bilaterais com os chineses.<\/p>\n<p>\u201cUm bom programa que o Brasil est\u00e1 buscando aprender \u00e9 o programa de mecaniza\u00e7\u00e3o da China. L\u00e1, tem muitas m\u00e1quinas de pequeno porte\u201d, disse Teixeira. \u201cPrecisamos estimular empresas chinesas a se instalarem no Brasil para fazer m\u00e1quinas de pequeno porte para a agricultura familiar. A agricultura familiar precisa ter acesso a essas tecnologias de conectividade, tecnifica\u00e7\u00e3o e mecaniza\u00e7\u00e3o.\u201d<\/p>\n<p>O ministro tamb\u00e9m comentou como o Brasil pode ajudar outros pa\u00edses na implementa\u00e7\u00e3o de programas de agricultura e alimenta\u00e7\u00e3o, no contexto da Alian\u00e7a Global contra a Fome e a Pobreza.<\/p>\n<p>\u201cEssa cesta com financiamento, compras p\u00fablicas, reforma agr\u00e1ria, \u00e9 algo que a gente pode oferecer. Junto com isso, oferecer tamb\u00e9m um interc\u00e2mbio com a Embrapa, que \u00e9 uma empresa de alta tecnologia voltada para a agricultura. \u00c9 a menina dos olhos de todos os pa\u00edses. Todos os pa\u00edses africanos pedem para o presidente Lula instalar um escrit\u00f3rio da Embrapa em seu pa\u00eds\u201d, ressaltou o ministro.<\/p>\n<p>Teixeira destacou os n\u00fameros do pa\u00eds no ano em rela\u00e7\u00e3o a um crescimento agr\u00edcola sustent\u00e1vel, como o aumento de 28,5% de investimento em agroecologia e produ\u00e7\u00e3o org\u00e2nica e de 39% em agrofloresta.<\/p>\n<p>\u201cN\u00f3s acabamos de aprovar a retomada do programa nacional de redu\u00e7\u00e3o dos agrot\u00f3xicos. E qual \u00e9 a estrat\u00e9gia? Fazer um programa de financiamento para desenvolvimento de produtos biol\u00f3gicos para substituir esses agrot\u00f3xicos que s\u00e3o usados no Brasil. Ent\u00e3o, essa \u00e9 uma boa not\u00edcia\u201d, disse o ministro.<\/p>\n","protected":false},"excerpt":{"rendered":"<p>O ministro do Desenvolvimento Agr\u00e1rio e Agricultura Familiar, Paulo Teixeira, destacou a possibilidade de estabelecer novas parcerias internacionais que ajudem no desenvolvimento tecnol\u00f3gico da agricultura familiar do pa\u00eds. Em entrevista coletiva no centro de m\u00eddia do G20, que ocorre no Rio de Janeiro, ele destacou as rela\u00e7\u00f5es bilaterais com os chineses. \u201cUm bom programa que [&hellip;]<\/p>\n","protected":false},"author":2,"featured_media":166493,"comment_status":"closed","ping_status":"closed","sticky":false,"template":"","format":"standard","meta":{"_acf_changed":false,"footnotes":""},"categories":[165],"tags":[],"class_list":["post-341290","post","type-post","status-publish","format-standard","has-post-thumbnail","hentry","category-nordeste"],"acf":[],"_links":{"self":[{"href":"https:\/\/www.notibras.com\/site\/wp-json\/wp\/v2\/posts\/341290","targetHints":{"allow":["GET"]}}],"collection":[{"href":"https:\/\/www.notibras.com\/site\/wp-json\/wp\/v2\/posts"}],"about":[{"href":"https:\/\/www.notibras.com\/site\/wp-json\/wp\/v2\/types\/post"}],"author":[{"embeddable":true,"href":"https:\/\/www.notibras.com\/site\/wp-json\/wp\/v2\/users\/2"}],"replies":[{"embeddable":true,"href":"https:\/\/www.notibras.com\/site\/wp-json\/wp\/v2\/comments?post=341290"}],"version-history":[{"count":1,"href":"https:\/\/www.notibras.com\/site\/wp-json\/wp\/v2\/posts\/341290\/revisions"}],"predecessor-version":[{"id":341291,"href":"https:\/\/www.notibras.com\/site\/wp-json\/wp\/v2\/posts\/341290\/revisions\/341291"}],"wp:featuredmedia":[{"embeddable":true,"href":"https:\/\/www.notibras.com\/site\/wp-json\/wp\/v2\/media\/166493"}],"wp:attachment":[{"href":"https:\/\/www.notibras.com\/site\/wp-json\/wp\/v2\/media?parent=341290"}],"wp:term":[{"taxonomy":"category","embeddable":true,"href":"https:\/\/www.notibras.com\/site\/wp-json\/wp\/v2\/categories?post=341290"},{"taxonomy":"post_tag","embeddable":true,"href":"https:\/\/www.notibras.com\/site\/wp-json\/wp\/v2\/tags?post=341290"}],"curies":[{"name":"wp","href":"https:\/\/api.w.org\/{rel}","templated":true}]}}