{"id":341296,"date":"2024-11-19T07:19:51","date_gmt":"2024-11-19T10:19:51","guid":{"rendered":"https:\/\/www.notibras.com\/site\/?p=341296"},"modified":"2024-11-19T08:21:43","modified_gmt":"2024-11-19T11:21:43","slug":"garoto-de-programa-rouba-celular-e-chantageia-vitima","status":"publish","type":"post","link":"https:\/\/www.notibras.com\/site\/garoto-de-programa-rouba-celular-e-chantageia-vitima\/","title":{"rendered":"Garoto de programa rouba celular e chantageia v\u00edtima"},"content":{"rendered":"<p>Agentes da 15\u00aa DP, de Ceil\u00e2ndia, deflagraram a opera\u00e7\u00e3o Erpressung e prenderam em flagrante um homem de 22 anos de idade pelos crimes de furto e extors\u00e3o.<\/p>\n<p>A a\u00e7\u00e3o policial foi deflagrada ap\u00f3s os policias terem sido informados pela v\u00edtima de que ela estava sendo extorquida por um garoto de programa.<\/p>\n<p>Segundo relatado, a v\u00edtima contratou o autor para realizar um programa em sua resid\u00eancia e, ap\u00f3s o mesmo ir embora, deu por falta de sue aparelho de telefone celular.<\/p>\n<p>Ap\u00f3s registrar a ocorr\u00eancia de furto, a v\u00edtima conseguiu contatar o autor, o qual confessou a subtra\u00e7\u00e3o do aparelho e exigiu o pagamento da quantia de 1 mil 500 reais para efetuar a devolu\u00e7\u00e3o.<\/p>\n<p>Orientada pelos policiais da 15\u00aa DP, a v\u00edtima marcou de se encontrar com o autor para lhe pagar em esp\u00e9cie a quantia exigida; O encontro foi marcado em uma padaria situada no Sol Nascente.<\/p>\n<p>No local marcado, antes de receber o dinheiro da v\u00edtima, o autor foi abordado pelos policiais da 15\u00aa DP, os quais, em revista pessoal, encontraram na cintura do criminoso o aparelho de telefone celular roubado.<\/p>\n<p>O bandido recebeu a voz de pris\u00e3o e foi conduzido para a 15\u00aa DP, onde foi autuado em flagrante pelos crimes de furto qualificado e extors\u00e3o. Somas as penas de tais crimes podem alcan\u00e7ar os 18 anos de pris\u00e3o.<\/p>\n","protected":false},"excerpt":{"rendered":"<p>Agentes da 15\u00aa DP, de Ceil\u00e2ndia, deflagraram a opera\u00e7\u00e3o Erpressung e prenderam em flagrante um homem de 22 anos de idade pelos crimes de furto e extors\u00e3o. A a\u00e7\u00e3o policial foi deflagrada ap\u00f3s os policias terem sido informados pela v\u00edtima de que ela estava sendo extorquida por um garoto de programa. Segundo relatado, a v\u00edtima [&hellip;]<\/p>\n","protected":false},"author":2,"featured_media":341297,"comment_status":"closed","ping_status":"closed","sticky":false,"template":"","format":"standard","meta":{"_acf_changed":false,"footnotes":""},"categories":[161],"tags":[],"class_list":["post-341296","post","type-post","status-publish","format-standard","has-post-thumbnail","hentry","category-quadradinho-em-foco"],"acf":[],"_links":{"self":[{"href":"https:\/\/www.notibras.com\/site\/wp-json\/wp\/v2\/posts\/341296","targetHints":{"allow":["GET"]}}],"collection":[{"href":"https:\/\/www.notibras.com\/site\/wp-json\/wp\/v2\/posts"}],"about":[{"href":"https:\/\/www.notibras.com\/site\/wp-json\/wp\/v2\/types\/post"}],"author":[{"embeddable":true,"href":"https:\/\/www.notibras.com\/site\/wp-json\/wp\/v2\/users\/2"}],"replies":[{"embeddable":true,"href":"https:\/\/www.notibras.com\/site\/wp-json\/wp\/v2\/comments?post=341296"}],"version-history":[{"count":1,"href":"https:\/\/www.notibras.com\/site\/wp-json\/wp\/v2\/posts\/341296\/revisions"}],"predecessor-version":[{"id":341298,"href":"https:\/\/www.notibras.com\/site\/wp-json\/wp\/v2\/posts\/341296\/revisions\/341298"}],"wp:featuredmedia":[{"embeddable":true,"href":"https:\/\/www.notibras.com\/site\/wp-json\/wp\/v2\/media\/341297"}],"wp:attachment":[{"href":"https:\/\/www.notibras.com\/site\/wp-json\/wp\/v2\/media?parent=341296"}],"wp:term":[{"taxonomy":"category","embeddable":true,"href":"https:\/\/www.notibras.com\/site\/wp-json\/wp\/v2\/categories?post=341296"},{"taxonomy":"post_tag","embeddable":true,"href":"https:\/\/www.notibras.com\/site\/wp-json\/wp\/v2\/tags?post=341296"}],"curies":[{"name":"wp","href":"https:\/\/api.w.org\/{rel}","templated":true}]}}