{"id":341299,"date":"2024-11-19T08:30:15","date_gmt":"2024-11-19T11:30:15","guid":{"rendered":"https:\/\/www.notibras.com\/site\/?p=341299"},"modified":"2024-11-19T08:37:43","modified_gmt":"2024-11-19T11:37:43","slug":"vontade-de-mergulhar-em-aguas-frescas-mas-no-paranoa-nao-da","status":"publish","type":"post","link":"https:\/\/www.notibras.com\/site\/vontade-de-mergulhar-em-aguas-frescas-mas-no-paranoa-nao-da\/","title":{"rendered":"Vontade de mergulhar em \u00e1guas frescas, mas no Parano\u00e1, n\u00e3o d\u00e1"},"content":{"rendered":"<p>Hoje acordei indisposto. E pensar que logo ontem estava que nem hamster dando voltas intermin\u00e1veis naquelas rodas, ritmo fren\u00e9tico que nem&#8230; Que nem? Ah, que nem textos daquele escritor ga\u00facho&#8230; Melhor nem falar quem. V\u00e1 que algu\u00e9m comece a me xingar? Nem sei se voc\u00ea j\u00e1 leu, mas vou logo avisando que o roj\u00e3o \u00e9 daqueles que provocam o maior estrondo. Emo\u00e7\u00e3o \u00e0 flor da pele. N\u00e3o nasci com aquela coragem toda que ele possu\u00eda de se expor. Covarde que sempre fui, prefiro me esconder atr\u00e1s das minhas personagens.<\/p>\n<p>Do jeito que estou, que me venha um poema ou um conto do Daniel Marchi. Melhor poesia, que me transporta para algo que pinga fora da prosa. Ademais&#8230; De onde tirei esse ademais? Que seja ademais. Ent\u00e3o, ademais, poesia me perturba a mente, que vaga toda vagabunda por ruelas tipo aquelas pr\u00f3ximas ao Centro Cultural Banco do Brasil no Rio. Conhece? Pois deveria.<\/p>\n<p>Ando desgostoso, n\u00e3o da vida, mas da humanidade. Que l\u00e1stima ter nascido preso ao corpo de uma esp\u00e9cie tragicamente fracassada. Que duraremos pouco, n\u00e3o tenho d\u00favida, s\u00f3 n\u00e3o calculo o estrago que ainda poderemos fazer. Enquanto isso n\u00e3o chega, e creio que ainda levar\u00e1 algumas gera\u00e7\u00f5es, estou aqui apreciando meu caf\u00e9 gourmet, ao mesmo tempo em que ou\u00e7o os vizinhos gritando gritos aos berros.<\/p>\n<p>Ali\u00e1s, dia desses, l\u00e1 estava no Uber, quando resolvi puxar assunto com o motorista. Quanta asneira em m\u00edseros quil\u00f4metros! \u00c9 incr\u00edvel a capacidade que um homem possui de juntar tantas e tantas bobices numa s\u00f3 mente. Somente numa!<\/p>\n<p>Por sorte, na volta, peguei outro motorista, este esclarecido. Contei-lhe sobre a viagem anterior, o que o fez gargalhar, mas, logo em seguida, ficamos taciturnos. Pois \u00e9, taciturnos, macamb\u00fazios, quietos, olhando para o tr\u00e2nsito que ia e vinha, como se alguns carros quisessem fugir, enquanto outros talvez desejassem nos atingir em cheio. Isso \u00e9 que d\u00e1 ter consci\u00eancia de que n\u00e3o temos mais jeito.<\/p>\n<p>Tudo est\u00e1 aqui dentro, mas nada acontece. Uma hora essa vida tosca acaba. S\u00f3 desejo estar confortavelmente acomodado em uma rede pregui\u00e7osa na varanda, sonhando com a praia, que desejo estar logo em frente, o barulho das ondas quebrando. Se o tempo ajudar, arrisco at\u00e9 um tchibum. Mas no Parano\u00e1, n\u00e3o d\u00e1.<\/p>\n<p>&#8230;&#8230;&#8230;&#8230;<\/p>\n<p><strong>*Eduardo Mart\u00ednez \u00e9 autor do livro \u201c57 Contos e Cr\u00f4nicas por um Autor muito Velho\u201d.<\/strong><\/p>\n<div class=\"mvp-post-soc-in\">\n<div id=\"mvp-content-body\" class=\"left relative\">\n<div id=\"mvp-content-body-top\" class=\"left relative\">\n<div id=\"mvp-content-main\" class=\"left relative\">\n<p>Compre aqui\u00a0<span class=\"x19la9d6 x1fc57z9 x6ikm8r x10wlt62 x19co3pv x1g5zs5t xfibh0p xiy17q3 x1xsqp64 x1lkfr7t xexx8yu x4uap5 x18d9i69 xkhd6sd\"><span class=\"xrtxmta x1bhl96m\"><img decoding=\"async\" class=\"emoji\" role=\"img\" draggable=\"false\" src=\"https:\/\/s.w.org\/images\/core\/emoji\/14.0.0\/svg\/1f447-1f3ff.svg\" alt=\"&#x1f447;&#x1f3ff;\" \/><\/span><\/span><span class=\"x19la9d6 x1fc57z9 x6ikm8r x10wlt62 x19co3pv x1g5zs5t xfibh0p xiy17q3 x1xsqp64 x1lkfr7t xexx8yu x4uap5 x18d9i69 xkhd6sd\"><span class=\"xrtxmta x1bhl96m\"><img decoding=\"async\" class=\"emoji\" role=\"img\" draggable=\"false\" src=\"https:\/\/s.w.org\/images\/core\/emoji\/14.0.0\/svg\/1f447-1f3ff.svg\" alt=\"&#x1f447;&#x1f3ff;\" \/><\/span><\/span><span class=\"x19la9d6 x1fc57z9 x6ikm8r x10wlt62 x19co3pv x1g5zs5t xfibh0p xiy17q3 x1xsqp64 x1lkfr7t xexx8yu x4uap5 x18d9i69 xkhd6sd\"><span class=\"xrtxmta x1bhl96m\"><img decoding=\"async\" class=\"emoji\" role=\"img\" draggable=\"false\" src=\"https:\/\/s.w.org\/images\/core\/emoji\/14.0.0\/svg\/1f447-1f3ff.svg\" alt=\"&#x1f447;&#x1f3ff;\" \/><\/span><\/span><\/p>\n<p><a href=\"http:\/\/www.joanineditora.com.br\/57-contos-e-cronicas-por-um-autor-muito-velho\">http:\/\/www.joanineditora.com.br\/57-contos-e-cronicas-por-um-autor-muito-velho<\/a><\/p>\n<\/div>\n<\/div>\n<\/div>\n<\/div>\n","protected":false},"excerpt":{"rendered":"<p>Hoje acordei indisposto. E pensar que logo ontem estava que nem hamster dando voltas intermin\u00e1veis naquelas rodas, ritmo fren\u00e9tico que nem&#8230; Que nem? Ah, que nem textos daquele escritor ga\u00facho&#8230; Melhor nem falar quem. V\u00e1 que algu\u00e9m comece a me xingar? Nem sei se voc\u00ea j\u00e1 leu, mas vou logo avisando que o roj\u00e3o \u00e9 [&hellip;]<\/p>\n","protected":false},"author":2,"featured_media":341300,"comment_status":"closed","ping_status":"closed","sticky":false,"template":"","format":"standard","meta":{"_acf_changed":false,"footnotes":""},"categories":[161],"tags":[],"class_list":["post-341299","post","type-post","status-publish","format-standard","has-post-thumbnail","hentry","category-quadradinho-em-foco"],"acf":[],"_links":{"self":[{"href":"https:\/\/www.notibras.com\/site\/wp-json\/wp\/v2\/posts\/341299","targetHints":{"allow":["GET"]}}],"collection":[{"href":"https:\/\/www.notibras.com\/site\/wp-json\/wp\/v2\/posts"}],"about":[{"href":"https:\/\/www.notibras.com\/site\/wp-json\/wp\/v2\/types\/post"}],"author":[{"embeddable":true,"href":"https:\/\/www.notibras.com\/site\/wp-json\/wp\/v2\/users\/2"}],"replies":[{"embeddable":true,"href":"https:\/\/www.notibras.com\/site\/wp-json\/wp\/v2\/comments?post=341299"}],"version-history":[{"count":5,"href":"https:\/\/www.notibras.com\/site\/wp-json\/wp\/v2\/posts\/341299\/revisions"}],"predecessor-version":[{"id":341306,"href":"https:\/\/www.notibras.com\/site\/wp-json\/wp\/v2\/posts\/341299\/revisions\/341306"}],"wp:featuredmedia":[{"embeddable":true,"href":"https:\/\/www.notibras.com\/site\/wp-json\/wp\/v2\/media\/341300"}],"wp:attachment":[{"href":"https:\/\/www.notibras.com\/site\/wp-json\/wp\/v2\/media?parent=341299"}],"wp:term":[{"taxonomy":"category","embeddable":true,"href":"https:\/\/www.notibras.com\/site\/wp-json\/wp\/v2\/categories?post=341299"},{"taxonomy":"post_tag","embeddable":true,"href":"https:\/\/www.notibras.com\/site\/wp-json\/wp\/v2\/tags?post=341299"}],"curies":[{"name":"wp","href":"https:\/\/api.w.org\/{rel}","templated":true}]}}