{"id":341369,"date":"2024-11-20T00:01:59","date_gmt":"2024-11-20T03:01:59","guid":{"rendered":"https:\/\/www.notibras.com\/site\/?p=341369"},"modified":"2024-11-20T02:23:31","modified_gmt":"2024-11-20T05:23:31","slug":"discriminacao-contra-negros-tem-contagem-regressiva-com-projeto-de-baiano","status":"publish","type":"post","link":"https:\/\/www.notibras.com\/site\/discriminacao-contra-negros-tem-contagem-regressiva-com-projeto-de-baiano\/","title":{"rendered":"Discrimina\u00e7\u00e3o contra negros tem contagem regressiva com projeto de baiano"},"content":{"rendered":"<p>Sete em cada dez pessoas negras j\u00e1 passaram por algum constrangimento por causa de preconceito ou discrimina\u00e7\u00e3o racial. O dado \u00e9 de pesquisa de opini\u00e3o realizada pelo Instituto Locomotiva e pela plataforma QuestionPro, entre os dias 4 e 13 de novembro.<\/p>\n<p>Os sentimentos de discrimina\u00e7\u00e3o e preconceito foram vividos em diversas situa\u00e7\u00f5es cotidianas e s\u00e3o admitidos inclusive por brancos. Conforme a pesquisa, a expectativa de experimentar epis\u00f3dios embara\u00e7osos pode tolher a liberdade de circula\u00e7\u00e3o e o bem-estar de parcela majorit\u00e1ria dos brasileiros.<\/p>\n<p>Os negros, que totalizam pretos e pardos, representam 55,5% da popula\u00e7\u00e3o brasileira \u2013 112,7 milh\u00f5es de pessoas em um universo 212,6 milh\u00f5es. De acordo com o Censo 2022, realizado pelo Instituto Brasileiro de Geografia e Estat\u00edstica (IBGE), 20,6 milh\u00f5es (10,2%) se autodeclaram \u201cpretos\u201d e 92,1 milh\u00f5es (45,3%), \u201cpardos\u201d.<\/p>\n<p>O levantamento do Instituto Locomotiva revela que 39% das pessoas negras declararam que n\u00e3o correm para pegar transporte coletivo com medo de serem interpeladas. Tamb\u00e9m por causa de algum temor, 36% dos negros j\u00e1 deixaram de pedir informa\u00e7\u00f5es \u00e0 pol\u00edcia nas ruas.<\/p>\n<p>O constrangimento pode ser tamb\u00e9m frequente no com\u00e9rcio: 46% das pessoas negras deixaram de entrar em lojas de marca para evitar embara\u00e7os. O mesmo aconteceu com 36% que n\u00e3o pediram ajuda a vendedores ou atendentes, com 32% que preferiram n\u00e3o ir a ag\u00eancias banc\u00e1rias e com 31% que deixaram de ir a supermercados.<\/p>\n<p><strong>Sa\u00fade mental<\/strong><br \/>\nTais situa\u00e7\u00f5es podem causar desgaste emocional e psicol\u00f3gico: 73% dos negros entrevistados na pesquisa afirmaram que cenas vivenciadas de preconceitos e discrimina\u00e7\u00e3o afetam a sa\u00fade mental.<\/p>\n<p>Do total de pessoas entrevistadas, 68% afirmaram conhecer algu\u00e9m que j\u00e1 sofreu constrangimento por ser negro. Entre os brancos, 36% admitem a possibilidade de terem sido preconceituosas contra negros, ainda que sem inten\u00e7\u00e3o.<\/p>\n<p>Para o presidente do Instituto Locomotiva, Renato Meirelles, os dados apurados indicam \u201ca necessidade urgente de pol\u00edticas p\u00fablicas e iniciativas sociais que ofere\u00e7am suporte emocional e psicol\u00f3gico adequado, al\u00e9m de medidas concretas para combater o racismo em suas diversas formas\u201d.<\/p>\n<p>Em nota, Meirelles diz que os n\u00fameros mostram de forma expl\u00edcita que a desigualdade racial \u00e9 uma realidade percebida por praticamente todos os brasileiros. &#8220;Essa constata\u00e7\u00e3o refor\u00e7a a urg\u00eancia de pol\u00edticas p\u00fablicas e a\u00e7\u00f5es efetivas para romper as barreiras estruturais que perpetuam essas desigualdades e limitam as oportunidades para milh\u00f5es de pessoas negras no Brasil.\u201d<\/p>\n<p>A pesquisa feita na primeira quinzena deste m\u00eas tem representatividade nacional e colheu opini\u00f5es de 1.185 pessoas com 18 anos ou mais, que responderam diretamente a um question\u00e1rio digital. A margem de erro \u00e9 de 2,8 pontos percentuais.<\/p>\n<p><strong>Racismo \u00e9 crime<\/strong><br \/>\nDe acordo com a Lei n\u00ba 7.716\/1989, racismo \u00e9 crime no Brasil. A lei batizada com o nome do seu autor, Lei Ca\u00f3, em refer\u00eancia ao deputado Carlos Alberto Ca\u00f3 de Oliveira (PDT-BA), que morreu em 2018. A lei regulamenta trecho da Constitui\u00e7\u00e3o Federal que tornou o racismo inafian\u00e7\u00e1vel e imprescrit\u00edvel.<\/p>\n<p>A Lei n\u00ba 14.532, sancionada pelo presidente Luiz In\u00e1cio Lula da Silva em janeiro de 2023, aumenta a pena para a inj\u00faria relacionada a ra\u00e7a, cor, etnia ou proced\u00eancia nacional. Com a norma, quem proferir ofensas que desrespeitem algu\u00e9m, seu decoro, sua honra, seus bens ou sua vida poder\u00e1 ser punido com reclus\u00e3o de 2 a 5 anos. A pena poder\u00e1 ser dobrada se o crime for cometido por duas ou mais pessoas. Antes, a pena era de 1 a 3 anos.<\/p>\n<p>As v\u00edtimas de racismo devem registrar boletim de ocorr\u00eancia na Pol\u00edcia Civil. \u00c9 importante tomar nota da situa\u00e7\u00e3o, citar testemunhas que tamb\u00e9m possam identificar o agressor. Em caso de agress\u00e3o f\u00edsica, a v\u00edtima precisa fazer exame de corpo de delito logo ap\u00f3s a den\u00fancia e n\u00e3o deve limpar os machucados, nem trocar de roupa \u2013 essas evid\u00eancias podem servir como provas da agress\u00e3o.<\/p>\n<p>Nesta quarta-feira (20), o Dia de Zumbi e da Consci\u00eancia Negra ser\u00e1, pela primeira vez, feriado c\u00edvico nacional.<\/p>\n","protected":false},"excerpt":{"rendered":"<p>Sete em cada dez pessoas negras j\u00e1 passaram por algum constrangimento por causa de preconceito ou discrimina\u00e7\u00e3o racial. O dado \u00e9 de pesquisa de opini\u00e3o realizada pelo Instituto Locomotiva e pela plataforma QuestionPro, entre os dias 4 e 13 de novembro. Os sentimentos de discrimina\u00e7\u00e3o e preconceito foram vividos em diversas situa\u00e7\u00f5es cotidianas e s\u00e3o [&hellip;]<\/p>\n","protected":false},"author":2,"featured_media":341370,"comment_status":"closed","ping_status":"closed","sticky":false,"template":"","format":"standard","meta":{"_acf_changed":false,"footnotes":""},"categories":[165],"tags":[],"class_list":["post-341369","post","type-post","status-publish","format-standard","has-post-thumbnail","hentry","category-nordeste"],"acf":[],"_links":{"self":[{"href":"https:\/\/www.notibras.com\/site\/wp-json\/wp\/v2\/posts\/341369","targetHints":{"allow":["GET"]}}],"collection":[{"href":"https:\/\/www.notibras.com\/site\/wp-json\/wp\/v2\/posts"}],"about":[{"href":"https:\/\/www.notibras.com\/site\/wp-json\/wp\/v2\/types\/post"}],"author":[{"embeddable":true,"href":"https:\/\/www.notibras.com\/site\/wp-json\/wp\/v2\/users\/2"}],"replies":[{"embeddable":true,"href":"https:\/\/www.notibras.com\/site\/wp-json\/wp\/v2\/comments?post=341369"}],"version-history":[{"count":1,"href":"https:\/\/www.notibras.com\/site\/wp-json\/wp\/v2\/posts\/341369\/revisions"}],"predecessor-version":[{"id":341371,"href":"https:\/\/www.notibras.com\/site\/wp-json\/wp\/v2\/posts\/341369\/revisions\/341371"}],"wp:featuredmedia":[{"embeddable":true,"href":"https:\/\/www.notibras.com\/site\/wp-json\/wp\/v2\/media\/341370"}],"wp:attachment":[{"href":"https:\/\/www.notibras.com\/site\/wp-json\/wp\/v2\/media?parent=341369"}],"wp:term":[{"taxonomy":"category","embeddable":true,"href":"https:\/\/www.notibras.com\/site\/wp-json\/wp\/v2\/categories?post=341369"},{"taxonomy":"post_tag","embeddable":true,"href":"https:\/\/www.notibras.com\/site\/wp-json\/wp\/v2\/tags?post=341369"}],"curies":[{"name":"wp","href":"https:\/\/api.w.org\/{rel}","templated":true}]}}