{"id":341414,"date":"2024-11-20T00:07:07","date_gmt":"2024-11-20T03:07:07","guid":{"rendered":"https:\/\/www.notibras.com\/site\/?p=341414"},"modified":"2024-11-20T08:08:58","modified_gmt":"2024-11-20T11:08:58","slug":"seminario-debate-agricultura-sustentavel-e-mudancas-climaticas","status":"publish","type":"post","link":"https:\/\/www.notibras.com\/site\/seminario-debate-agricultura-sustentavel-e-mudancas-climaticas\/","title":{"rendered":"Semin\u00e1rio debate agricultura sustent\u00e1vel e mudan\u00e7as clim\u00e1ticas"},"content":{"rendered":"<p>Nesta sexta-feira (22), a Emater-DF promove o I Semin\u00e1rio Emater-DF no Clima, evento destinado a t\u00e9cnicos, produtores rurais, estudantes, entidades do terceiro setor e interessados na tem\u00e1tica ambiental. O semin\u00e1rio ocorrer\u00e1 na Escola de Governo do Distrito Federal (Egov), das 8h30 \u00e0s 17h, e trar\u00e1 reflex\u00f5es e solu\u00e7\u00f5es pr\u00e1ticas para enfrentar os desafios clim\u00e1ticos no contexto rural.<\/p>\n<p>A programa\u00e7\u00e3o inclui palestras sobre mudan\u00e7as clim\u00e1ticas, pr\u00e1ticas agr\u00edcolas sustent\u00e1veis, conserva\u00e7\u00e3o da \u00e1gua, preven\u00e7\u00e3o e combate a inc\u00eandios florestais | Foto: Divulga\u00e7\u00e3o\/Emater-DF<\/p>\n<p>A programa\u00e7\u00e3o inclui palestras sobre mudan\u00e7as clim\u00e1ticas, pr\u00e1ticas agr\u00edcolas sustent\u00e1veis, conserva\u00e7\u00e3o da \u00e1gua, preven\u00e7\u00e3o e combate a inc\u00eandios florestais, entre outros temas fundamentais para o fortalecimento da agricultura aliada \u00e0 sustentabilidade.<\/p>\n<p>De acordo com a engenheira ambiental Icl\u00e9ia Silva, da Ger\u00eancia de Meio Ambiente (Geamb) da Emater-DF, o semin\u00e1rio \u00e9 apenas o in\u00edcio de uma iniciativa maior. \u201cEssa ser\u00e1 uma das primeiras atividades do programa Emater-DF no Clima. Queremos mostrar que \u00e9 poss\u00edvel compatibilizar o desenvolvimento socioecon\u00f4mico das \u00e1reas rurais do DF com a melhoria do microclima local, garantindo benef\u00edcios para as futuras gera\u00e7\u00f5es\u201d, destaca.<\/p>\n<p><strong>Servi\u00e7o<\/strong><br \/>\nI Semin\u00e1rio Emater-DF no Clima<br \/>\nData: 22\/11 (sexta-feira)<br \/>\nHor\u00e1rio: 8h30 \u00e0s 17h<br \/>\nLocal: Escola de Governo do Distrito Federal (Egov)<br \/>\nSetor de Garagens Oficiais, Quadra 1, lote 1<\/p>\n","protected":false},"excerpt":{"rendered":"<p>Nesta sexta-feira (22), a Emater-DF promove o I Semin\u00e1rio Emater-DF no Clima, evento destinado a t\u00e9cnicos, produtores rurais, estudantes, entidades do terceiro setor e interessados na tem\u00e1tica ambiental. O semin\u00e1rio ocorrer\u00e1 na Escola de Governo do Distrito Federal (Egov), das 8h30 \u00e0s 17h, e trar\u00e1 reflex\u00f5es e solu\u00e7\u00f5es pr\u00e1ticas para enfrentar os desafios clim\u00e1ticos no [&hellip;]<\/p>\n","protected":false},"author":2,"featured_media":341415,"comment_status":"closed","ping_status":"closed","sticky":false,"template":"","format":"standard","meta":{"_acf_changed":false,"footnotes":""},"categories":[161],"tags":[],"class_list":["post-341414","post","type-post","status-publish","format-standard","has-post-thumbnail","hentry","category-quadradinho-em-foco"],"acf":[],"_links":{"self":[{"href":"https:\/\/www.notibras.com\/site\/wp-json\/wp\/v2\/posts\/341414","targetHints":{"allow":["GET"]}}],"collection":[{"href":"https:\/\/www.notibras.com\/site\/wp-json\/wp\/v2\/posts"}],"about":[{"href":"https:\/\/www.notibras.com\/site\/wp-json\/wp\/v2\/types\/post"}],"author":[{"embeddable":true,"href":"https:\/\/www.notibras.com\/site\/wp-json\/wp\/v2\/users\/2"}],"replies":[{"embeddable":true,"href":"https:\/\/www.notibras.com\/site\/wp-json\/wp\/v2\/comments?post=341414"}],"version-history":[{"count":1,"href":"https:\/\/www.notibras.com\/site\/wp-json\/wp\/v2\/posts\/341414\/revisions"}],"predecessor-version":[{"id":341416,"href":"https:\/\/www.notibras.com\/site\/wp-json\/wp\/v2\/posts\/341414\/revisions\/341416"}],"wp:featuredmedia":[{"embeddable":true,"href":"https:\/\/www.notibras.com\/site\/wp-json\/wp\/v2\/media\/341415"}],"wp:attachment":[{"href":"https:\/\/www.notibras.com\/site\/wp-json\/wp\/v2\/media?parent=341414"}],"wp:term":[{"taxonomy":"category","embeddable":true,"href":"https:\/\/www.notibras.com\/site\/wp-json\/wp\/v2\/categories?post=341414"},{"taxonomy":"post_tag","embeddable":true,"href":"https:\/\/www.notibras.com\/site\/wp-json\/wp\/v2\/tags?post=341414"}],"curies":[{"name":"wp","href":"https:\/\/api.w.org\/{rel}","templated":true}]}}