{"id":341417,"date":"2024-11-20T00:00:51","date_gmt":"2024-11-20T03:00:51","guid":{"rendered":"https:\/\/www.notibras.com\/site\/?p=341417"},"modified":"2024-11-20T08:13:31","modified_gmt":"2024-11-20T11:13:31","slug":"governo-fecha-pousadas-que-funcionavam-de-maneira-irregular","status":"publish","type":"post","link":"https:\/\/www.notibras.com\/site\/governo-fecha-pousadas-que-funcionavam-de-maneira-irregular\/","title":{"rendered":"Governo fecha pousadas que funcionavam de maneira irregular"},"content":{"rendered":"<p>Nesta ter\u00e7a (19), a Secretaria DF Legal descaracterizou duas pousadas que funcionavam de maneira irregular nas quadras 700 da Asa Sul | Foto: Divulga\u00e7\u00e3o\/DF Legal<\/p>\n<p>O primeiro endere\u00e7o visitado foi uma pousada localizada no Bloco M da 707 Sul. A atividade comercial j\u00e1 havia sido interditada em 9 de setembro deste ano, quando foi aplicada uma multa no valor de R$ 1.047,10 por exerc\u00edcio de atividade econ\u00f4mica em local n\u00e3o permitido pelo Plano de Preserva\u00e7\u00e3o do Conjunto Urban\u00edstico de Bras\u00edlia (Ppcub).<\/p>\n<p>A equipe da Subsecretaria de Fiscaliza\u00e7\u00e3o de Atividades Econ\u00f4micas (Sufae) apreendeu cinco camas e seis colch\u00f5es, al\u00e9m de constatar diversas irregularidades, como a separa\u00e7\u00e3o de banheiros para moradores e visitantes.<\/p>\n<p>A segunda pousada irregular estava situada no Bloco A da 706 Sul. Interditada desde 12 de setembro, a propriedade foi multada em R$ 4.221,30 pelo mesmo motivo que a primeira. Nesse local, havia dois andares de quartos individualizados; sete colch\u00f5es e camas foram apreendidos.<\/p>\n<p>Uma nova multa, no valor de R$ 2.814,20, foi aplicada aos dois respons\u00e1veis pelas pousadas irregulares, em raz\u00e3o do descumprimento da interdi\u00e7\u00e3o.<\/p>\n<p>A equipe do DF Legal apreendeu colch\u00f5es e camas para descaracterizar as pousadas; al\u00e9m disso, multas foram aplicadas nos dois estabelecimentos<\/p>\n<p>\u201cEssa a\u00e7\u00e3o tem como objetivo coibir a preval\u00eancia de atividades econ\u00f4micas em \u00e1reas onde s\u00e3o terminantemente proibidas, como \u00e9 o caso das 700 da Asa Sul. Toda essa \u00e1rea, inclusive, faz parte do conjunto urban\u00edstico de Bras\u00edlia e deve ser respeitada como o patrim\u00f4nio que \u00e9\u201d, explicou a subsecret\u00e1ria da Sufae, Mireille Carvalho.<\/p>\n<p>A opera\u00e7\u00e3o contou com o apoio da Pol\u00edcia Militar (PMDF), da Companhia Urbanizadora da Nova Capital do Brasil (Novacap), do Departamento de Tr\u00e2nsito do Distrito Federal (Detran-DF) e da SEcretaria de Seguran\u00e7a P\u00fablica (SSP-DF).<\/p>\n","protected":false},"excerpt":{"rendered":"<p>Nesta ter\u00e7a (19), a Secretaria DF Legal descaracterizou duas pousadas que funcionavam de maneira irregular nas quadras 700 da Asa Sul | Foto: Divulga\u00e7\u00e3o\/DF Legal O primeiro endere\u00e7o visitado foi uma pousada localizada no Bloco M da 707 Sul. A atividade comercial j\u00e1 havia sido interditada em 9 de setembro deste ano, quando foi aplicada [&hellip;]<\/p>\n","protected":false},"author":2,"featured_media":341418,"comment_status":"closed","ping_status":"closed","sticky":false,"template":"","format":"standard","meta":{"_acf_changed":false,"footnotes":""},"categories":[161],"tags":[],"class_list":["post-341417","post","type-post","status-publish","format-standard","has-post-thumbnail","hentry","category-quadradinho-em-foco"],"acf":[],"_links":{"self":[{"href":"https:\/\/www.notibras.com\/site\/wp-json\/wp\/v2\/posts\/341417","targetHints":{"allow":["GET"]}}],"collection":[{"href":"https:\/\/www.notibras.com\/site\/wp-json\/wp\/v2\/posts"}],"about":[{"href":"https:\/\/www.notibras.com\/site\/wp-json\/wp\/v2\/types\/post"}],"author":[{"embeddable":true,"href":"https:\/\/www.notibras.com\/site\/wp-json\/wp\/v2\/users\/2"}],"replies":[{"embeddable":true,"href":"https:\/\/www.notibras.com\/site\/wp-json\/wp\/v2\/comments?post=341417"}],"version-history":[{"count":1,"href":"https:\/\/www.notibras.com\/site\/wp-json\/wp\/v2\/posts\/341417\/revisions"}],"predecessor-version":[{"id":341419,"href":"https:\/\/www.notibras.com\/site\/wp-json\/wp\/v2\/posts\/341417\/revisions\/341419"}],"wp:featuredmedia":[{"embeddable":true,"href":"https:\/\/www.notibras.com\/site\/wp-json\/wp\/v2\/media\/341418"}],"wp:attachment":[{"href":"https:\/\/www.notibras.com\/site\/wp-json\/wp\/v2\/media?parent=341417"}],"wp:term":[{"taxonomy":"category","embeddable":true,"href":"https:\/\/www.notibras.com\/site\/wp-json\/wp\/v2\/categories?post=341417"},{"taxonomy":"post_tag","embeddable":true,"href":"https:\/\/www.notibras.com\/site\/wp-json\/wp\/v2\/tags?post=341417"}],"curies":[{"name":"wp","href":"https:\/\/api.w.org\/{rel}","templated":true}]}}