{"id":341455,"date":"2024-11-21T00:01:06","date_gmt":"2024-11-21T03:01:06","guid":{"rendered":"https:\/\/www.notibras.com\/site\/?p=341455"},"modified":"2024-11-21T07:03:17","modified_gmt":"2024-11-21T10:03:17","slug":"incendio-destroi-loja-e-atinge-casa-em-aracaju","status":"publish","type":"post","link":"https:\/\/www.notibras.com\/site\/incendio-destroi-loja-e-atinge-casa-em-aracaju\/","title":{"rendered":"Inc\u00eandio destr\u00f3i loja e atinge casa em Aracaju"},"content":{"rendered":"<p>Um inc\u00eandio de grandes propor\u00e7\u00f5es atingiu uma loja e uma resid\u00eancia no centro de Aracaju na ter\u00e7a-feira,19. De acordo com o Corpo de Bombeiros Militar, as chamas come\u00e7aram repentinamente e rapidamente se alastraram, destruindo os im\u00f3veis.<\/p>\n<p>Apesar dos danos materiais significativos, as autoridades confirmaram que n\u00e3o houve feridos no incidente. Equipes de combate a inc\u00eandios foram acionadas imediatamente e trabalharam por v\u00e1rias horas para conter o fogo e evitar que se espalhasse para edifica\u00e7\u00f5es vizinhas.<\/p>\n<p>A causa do inc\u00eandio ainda est\u00e1 sendo investigada, mas testemunhas relataram terem visto fuma\u00e7a densa saindo da loja antes que as chamas tomassem conta do local. A \u00e1rea foi isolada, e moradores e comerciantes foram orientados a se manterem afastados por quest\u00f5es de seguran\u00e7a.<\/p>\n<p>As autoridades destacaram a import\u00e2ncia de manter os sistemas el\u00e9tricos em dia e evitar situa\u00e7\u00f5es que possam provocar acidentes. Mais informa\u00e7\u00f5es ser\u00e3o divulgadas assim que a per\u00edcia for conclu\u00edda.<\/p>\n","protected":false},"excerpt":{"rendered":"<p>Um inc\u00eandio de grandes propor\u00e7\u00f5es atingiu uma loja e uma resid\u00eancia no centro de Aracaju na ter\u00e7a-feira,19. De acordo com o Corpo de Bombeiros Militar, as chamas come\u00e7aram repentinamente e rapidamente se alastraram, destruindo os im\u00f3veis. Apesar dos danos materiais significativos, as autoridades confirmaram que n\u00e3o houve feridos no incidente. Equipes de combate a inc\u00eandios [&hellip;]<\/p>\n","protected":false},"author":2,"featured_media":341456,"comment_status":"closed","ping_status":"closed","sticky":false,"template":"","format":"standard","meta":{"_acf_changed":false,"footnotes":""},"categories":[165],"tags":[],"class_list":["post-341455","post","type-post","status-publish","format-standard","has-post-thumbnail","hentry","category-nordeste"],"acf":[],"_links":{"self":[{"href":"https:\/\/www.notibras.com\/site\/wp-json\/wp\/v2\/posts\/341455","targetHints":{"allow":["GET"]}}],"collection":[{"href":"https:\/\/www.notibras.com\/site\/wp-json\/wp\/v2\/posts"}],"about":[{"href":"https:\/\/www.notibras.com\/site\/wp-json\/wp\/v2\/types\/post"}],"author":[{"embeddable":true,"href":"https:\/\/www.notibras.com\/site\/wp-json\/wp\/v2\/users\/2"}],"replies":[{"embeddable":true,"href":"https:\/\/www.notibras.com\/site\/wp-json\/wp\/v2\/comments?post=341455"}],"version-history":[{"count":1,"href":"https:\/\/www.notibras.com\/site\/wp-json\/wp\/v2\/posts\/341455\/revisions"}],"predecessor-version":[{"id":341457,"href":"https:\/\/www.notibras.com\/site\/wp-json\/wp\/v2\/posts\/341455\/revisions\/341457"}],"wp:featuredmedia":[{"embeddable":true,"href":"https:\/\/www.notibras.com\/site\/wp-json\/wp\/v2\/media\/341456"}],"wp:attachment":[{"href":"https:\/\/www.notibras.com\/site\/wp-json\/wp\/v2\/media?parent=341455"}],"wp:term":[{"taxonomy":"category","embeddable":true,"href":"https:\/\/www.notibras.com\/site\/wp-json\/wp\/v2\/categories?post=341455"},{"taxonomy":"post_tag","embeddable":true,"href":"https:\/\/www.notibras.com\/site\/wp-json\/wp\/v2\/tags?post=341455"}],"curies":[{"name":"wp","href":"https:\/\/api.w.org\/{rel}","templated":true}]}}