{"id":341458,"date":"2024-11-21T00:09:05","date_gmt":"2024-11-21T03:09:05","guid":{"rendered":"https:\/\/www.notibras.com\/site\/?p=341458"},"modified":"2024-11-21T07:12:10","modified_gmt":"2024-11-21T10:12:10","slug":"homem-que-decapitou-o-pai-em-praca-tem-prisao-preventiva-decretada","status":"publish","type":"post","link":"https:\/\/www.notibras.com\/site\/homem-que-decapitou-o-pai-em-praca-tem-prisao-preventiva-decretada\/","title":{"rendered":"Homem que decapitou o pai em pra\u00e7a tem pris\u00e3o preventiva decretada"},"content":{"rendered":"<p>Victor Wander Ribeiro de Souza Silva, de 31 anos, teve sua pris\u00e3o convertida em preventiva ap\u00f3s audi\u00eancia de cust\u00f3dia realizada na quarta-feira (20).<\/p>\n<p>Ele \u00e9 acusado de matar o pr\u00f3prio pai a facadas e decapit\u00e1-lo em uma pra\u00e7a p\u00fablica em Natal, capital do Rio Grande do Norte.<\/p>\n<p>O crime, de extrema viol\u00eancia, chocou a comunidade local. Com a decis\u00e3o da Justi\u00e7a, Victor permanecer\u00e1 preso enquanto o caso segue sob investiga\u00e7\u00e3o.<\/p>\n<p>A motiva\u00e7\u00e3o do crime ainda est\u00e1 sendo apurada pelas autoridades competentes.<\/p>\n","protected":false},"excerpt":{"rendered":"<p>Victor Wander Ribeiro de Souza Silva, de 31 anos, teve sua pris\u00e3o convertida em preventiva ap\u00f3s audi\u00eancia de cust\u00f3dia realizada na quarta-feira (20). Ele \u00e9 acusado de matar o pr\u00f3prio pai a facadas e decapit\u00e1-lo em uma pra\u00e7a p\u00fablica em Natal, capital do Rio Grande do Norte. O crime, de extrema viol\u00eancia, chocou a comunidade [&hellip;]<\/p>\n","protected":false},"author":2,"featured_media":341459,"comment_status":"closed","ping_status":"closed","sticky":false,"template":"","format":"standard","meta":{"_acf_changed":false,"footnotes":""},"categories":[165],"tags":[],"class_list":["post-341458","post","type-post","status-publish","format-standard","has-post-thumbnail","hentry","category-nordeste"],"acf":[],"_links":{"self":[{"href":"https:\/\/www.notibras.com\/site\/wp-json\/wp\/v2\/posts\/341458","targetHints":{"allow":["GET"]}}],"collection":[{"href":"https:\/\/www.notibras.com\/site\/wp-json\/wp\/v2\/posts"}],"about":[{"href":"https:\/\/www.notibras.com\/site\/wp-json\/wp\/v2\/types\/post"}],"author":[{"embeddable":true,"href":"https:\/\/www.notibras.com\/site\/wp-json\/wp\/v2\/users\/2"}],"replies":[{"embeddable":true,"href":"https:\/\/www.notibras.com\/site\/wp-json\/wp\/v2\/comments?post=341458"}],"version-history":[{"count":1,"href":"https:\/\/www.notibras.com\/site\/wp-json\/wp\/v2\/posts\/341458\/revisions"}],"predecessor-version":[{"id":341460,"href":"https:\/\/www.notibras.com\/site\/wp-json\/wp\/v2\/posts\/341458\/revisions\/341460"}],"wp:featuredmedia":[{"embeddable":true,"href":"https:\/\/www.notibras.com\/site\/wp-json\/wp\/v2\/media\/341459"}],"wp:attachment":[{"href":"https:\/\/www.notibras.com\/site\/wp-json\/wp\/v2\/media?parent=341458"}],"wp:term":[{"taxonomy":"category","embeddable":true,"href":"https:\/\/www.notibras.com\/site\/wp-json\/wp\/v2\/categories?post=341458"},{"taxonomy":"post_tag","embeddable":true,"href":"https:\/\/www.notibras.com\/site\/wp-json\/wp\/v2\/tags?post=341458"}],"curies":[{"name":"wp","href":"https:\/\/api.w.org\/{rel}","templated":true}]}}