{"id":341461,"date":"2024-11-21T00:18:22","date_gmt":"2024-11-21T03:18:22","guid":{"rendered":"https:\/\/www.notibras.com\/site\/?p=341461"},"modified":"2024-11-21T07:21:32","modified_gmt":"2024-11-21T10:21:32","slug":"briga-em-comunidade-cigana-da-bahia-deixa-dois-mortos-e-um-ferido","status":"publish","type":"post","link":"https:\/\/www.notibras.com\/site\/briga-em-comunidade-cigana-da-bahia-deixa-dois-mortos-e-um-ferido\/","title":{"rendered":"Briga em comunidade cigana da Bahia deixa dois mortos e um ferido"},"content":{"rendered":"<p>Uma briga generalizada ocorrida durante uma festa em uma comunidade cigana em Vit\u00f3ria da Conquista, na Bahia, deixou duas pessoas mortas e uma ferida. O incidente aconteceu na noite desta quarta-feira (20), gerando como\u00e7\u00e3o e mobilizando autoridades locais.<\/p>\n<p>Segundo informa\u00e7\u00f5es preliminares da pol\u00edcia, o conflito teria come\u00e7ado ap\u00f3s uma discuss\u00e3o entre alguns participantes do evento. A situa\u00e7\u00e3o rapidamente saiu do controle, levando a um confronto f\u00edsico violento. As v\u00edtimas fatais foram identificadas, mas seus nomes ainda n\u00e3o foram divulgados oficialmente. A pessoa ferida foi encaminhada para um hospital da regi\u00e3o e est\u00e1 sob cuidados m\u00e9dicos.<\/p>\n<p>As for\u00e7as de seguran\u00e7a iniciaram investiga\u00e7\u00f5es para determinar as circunst\u00e2ncias do ocorrido, e dilig\u00eancias est\u00e3o sendo realizadas para localizar os envolvidos no confronto. Ainda n\u00e3o h\u00e1 informa\u00e7\u00f5es sobre pris\u00f5es relacionadas ao caso.<\/p>\n<p>Esse epis\u00f3dio chama aten\u00e7\u00e3o para a necessidade de promover a paz e resolver conflitos de maneira n\u00e3o violenta, especialmente em eventos comunit\u00e1rios destinados \u00e0 celebra\u00e7\u00e3o e ao conv\u00edvio social.<\/p>\n","protected":false},"excerpt":{"rendered":"<p>Uma briga generalizada ocorrida durante uma festa em uma comunidade cigana em Vit\u00f3ria da Conquista, na Bahia, deixou duas pessoas mortas e uma ferida. O incidente aconteceu na noite desta quarta-feira (20), gerando como\u00e7\u00e3o e mobilizando autoridades locais. Segundo informa\u00e7\u00f5es preliminares da pol\u00edcia, o conflito teria come\u00e7ado ap\u00f3s uma discuss\u00e3o entre alguns participantes do evento. [&hellip;]<\/p>\n","protected":false},"author":2,"featured_media":341462,"comment_status":"closed","ping_status":"closed","sticky":false,"template":"","format":"standard","meta":{"_acf_changed":false,"footnotes":""},"categories":[165],"tags":[],"class_list":["post-341461","post","type-post","status-publish","format-standard","has-post-thumbnail","hentry","category-nordeste"],"acf":[],"_links":{"self":[{"href":"https:\/\/www.notibras.com\/site\/wp-json\/wp\/v2\/posts\/341461","targetHints":{"allow":["GET"]}}],"collection":[{"href":"https:\/\/www.notibras.com\/site\/wp-json\/wp\/v2\/posts"}],"about":[{"href":"https:\/\/www.notibras.com\/site\/wp-json\/wp\/v2\/types\/post"}],"author":[{"embeddable":true,"href":"https:\/\/www.notibras.com\/site\/wp-json\/wp\/v2\/users\/2"}],"replies":[{"embeddable":true,"href":"https:\/\/www.notibras.com\/site\/wp-json\/wp\/v2\/comments?post=341461"}],"version-history":[{"count":1,"href":"https:\/\/www.notibras.com\/site\/wp-json\/wp\/v2\/posts\/341461\/revisions"}],"predecessor-version":[{"id":341463,"href":"https:\/\/www.notibras.com\/site\/wp-json\/wp\/v2\/posts\/341461\/revisions\/341463"}],"wp:featuredmedia":[{"embeddable":true,"href":"https:\/\/www.notibras.com\/site\/wp-json\/wp\/v2\/media\/341462"}],"wp:attachment":[{"href":"https:\/\/www.notibras.com\/site\/wp-json\/wp\/v2\/media?parent=341461"}],"wp:term":[{"taxonomy":"category","embeddable":true,"href":"https:\/\/www.notibras.com\/site\/wp-json\/wp\/v2\/categories?post=341461"},{"taxonomy":"post_tag","embeddable":true,"href":"https:\/\/www.notibras.com\/site\/wp-json\/wp\/v2\/tags?post=341461"}],"curies":[{"name":"wp","href":"https:\/\/api.w.org\/{rel}","templated":true}]}}