{"id":341464,"date":"2024-11-21T00:18:07","date_gmt":"2024-11-21T03:18:07","guid":{"rendered":"https:\/\/www.notibras.com\/site\/?p=341464"},"modified":"2024-11-21T07:39:09","modified_gmt":"2024-11-21T10:39:09","slug":"policia-flagra-desvio-de-rio-e-obra-irregular-em-area-da-mata-atlantica","status":"publish","type":"post","link":"https:\/\/www.notibras.com\/site\/policia-flagra-desvio-de-rio-e-obra-irregular-em-area-da-mata-atlantica\/","title":{"rendered":"Pol\u00edcia flagra desvio de rio e obra irregular em \u00e1rea da Mata Atl\u00e2ntica"},"content":{"rendered":"<p>A Pol\u00edcia Ambiental de Pernambuco realizou uma opera\u00e7\u00e3o na quarta-feira (20) em uma \u00e1rea de prote\u00e7\u00e3o ambiental no Recife, onde flagraram um esquema envolvendo o desvio de um curso de rio, invas\u00e3o de terras e constru\u00e7\u00f5es ilegais em uma \u00e1rea desmatada da Mata Atl\u00e2ntica.<\/p>\n<p>Segundo as autoridades, oper\u00e1rios que trabalhavam no local foram detidos em flagrante, enquanto os propriet\u00e1rios do terreno, apontados como os principais respons\u00e1veis pelo crime ambiental, est\u00e3o sendo procurados.<\/p>\n<p>A \u00e1rea desmatada \u00e9 considerada de alta relev\u00e2ncia ecol\u00f3gica, protegida por legisla\u00e7\u00e3o federal que restringe qualquer tipo de interven\u00e7\u00e3o humana sem autoriza\u00e7\u00e3o. Al\u00e9m do desmatamento, o desvio do rio representa um grave impacto ambiental, afetando a fauna, flora e as comunidades ribeirinhas da regi\u00e3o.<\/p>\n<p>As investiga\u00e7\u00f5es apontam que o local seria destinado \u00e0 constru\u00e7\u00e3o de empreendimentos imobili\u00e1rios de luxo, em clara viola\u00e7\u00e3o \u00e0s normas ambientais. Equipamentos e materiais de constru\u00e7\u00e3o foram apreendidos, e as autoridades refor\u00e7aram que novas opera\u00e7\u00f5es podem ocorrer para evitar a continuidade do dano ambiental.<\/p>\n<p>A Pol\u00edcia Federal e o Minist\u00e9rio P\u00fablico acompanham o caso, e os respons\u00e1veis podem responder por crimes ambientais, invas\u00e3o de terras p\u00fablicas e outros delitos previstos na legisla\u00e7\u00e3o brasileira.<\/p>\n","protected":false},"excerpt":{"rendered":"<p>A Pol\u00edcia Ambiental de Pernambuco realizou uma opera\u00e7\u00e3o na quarta-feira (20) em uma \u00e1rea de prote\u00e7\u00e3o ambiental no Recife, onde flagraram um esquema envolvendo o desvio de um curso de rio, invas\u00e3o de terras e constru\u00e7\u00f5es ilegais em uma \u00e1rea desmatada da Mata Atl\u00e2ntica. Segundo as autoridades, oper\u00e1rios que trabalhavam no local foram detidos em [&hellip;]<\/p>\n","protected":false},"author":2,"featured_media":341465,"comment_status":"closed","ping_status":"closed","sticky":false,"template":"","format":"standard","meta":{"_acf_changed":false,"footnotes":""},"categories":[165],"tags":[],"class_list":["post-341464","post","type-post","status-publish","format-standard","has-post-thumbnail","hentry","category-nordeste"],"acf":[],"_links":{"self":[{"href":"https:\/\/www.notibras.com\/site\/wp-json\/wp\/v2\/posts\/341464","targetHints":{"allow":["GET"]}}],"collection":[{"href":"https:\/\/www.notibras.com\/site\/wp-json\/wp\/v2\/posts"}],"about":[{"href":"https:\/\/www.notibras.com\/site\/wp-json\/wp\/v2\/types\/post"}],"author":[{"embeddable":true,"href":"https:\/\/www.notibras.com\/site\/wp-json\/wp\/v2\/users\/2"}],"replies":[{"embeddable":true,"href":"https:\/\/www.notibras.com\/site\/wp-json\/wp\/v2\/comments?post=341464"}],"version-history":[{"count":3,"href":"https:\/\/www.notibras.com\/site\/wp-json\/wp\/v2\/posts\/341464\/revisions"}],"predecessor-version":[{"id":341468,"href":"https:\/\/www.notibras.com\/site\/wp-json\/wp\/v2\/posts\/341464\/revisions\/341468"}],"wp:featuredmedia":[{"embeddable":true,"href":"https:\/\/www.notibras.com\/site\/wp-json\/wp\/v2\/media\/341465"}],"wp:attachment":[{"href":"https:\/\/www.notibras.com\/site\/wp-json\/wp\/v2\/media?parent=341464"}],"wp:term":[{"taxonomy":"category","embeddable":true,"href":"https:\/\/www.notibras.com\/site\/wp-json\/wp\/v2\/categories?post=341464"},{"taxonomy":"post_tag","embeddable":true,"href":"https:\/\/www.notibras.com\/site\/wp-json\/wp\/v2\/tags?post=341464"}],"curies":[{"name":"wp","href":"https:\/\/api.w.org\/{rel}","templated":true}]}}