{"id":341472,"date":"2024-11-21T00:04:02","date_gmt":"2024-11-21T03:04:02","guid":{"rendered":"https:\/\/www.notibras.com\/site\/?p=341472"},"modified":"2024-11-21T08:06:20","modified_gmt":"2024-11-21T11:06:20","slug":"oncas-pardas-retornam-ao-zoologico-apos-ambiente-ser-reformado","status":"publish","type":"post","link":"https:\/\/www.notibras.com\/site\/oncas-pardas-retornam-ao-zoologico-apos-ambiente-ser-reformado\/","title":{"rendered":"On\u00e7as-pardas retornam ao Zool\u00f3gico ap\u00f3s ambiente ser reformado"},"content":{"rendered":"<p>Para quem nunca viu de perto uma on\u00e7a-parda, o segundo maior felino das Am\u00e9ricas, a oportunidade retorna ap\u00f3s dois anos, na capital federal. Tr\u00eas felinos resgatados entre 2012 e 2014 est\u00e3o em exposi\u00e7\u00e3o no Zool\u00f3gico de Bras\u00edlia desde outubro: o macho Fred e as duas f\u00eameas Cristal e Nala. Os animais ficaram sob os cuidados do Hospital Veterin\u00e1rio da unidade durante o per\u00edodo de reforma no recinto onde se encontram atualmente.<\/p>\n<p>O diretor-presidente do Zool\u00f3gico de Bras\u00edlia, Wallison Couto, explicou que um novo paisagismo foi feito no ambiente dos animais; al\u00e9m disso, as estruturas foram reformadas. Ap\u00f3s cuidar da grama, das podas e da troca das madeiras, as equipes realizaram a pintura do local e recuperaram a parte de serralheria. O gestor comentou tamb\u00e9m sobre a recep\u00e7\u00e3o positiva do p\u00fablico com o retorno dos felinos.<\/p>\n<p>\u201c\u00c9 muito bacana ver que s\u00e3o animais da nossa fauna \u2013 o p\u00fablico tem esse apre\u00e7o maior, tamb\u00e9m pelo fato de serem animais de resgate, \u00e0s vezes de tr\u00e1fico ou de inc\u00eandios. A gente recebe esses animais aqui, d\u00e1 o tratamento devido e \u00e9 feita uma an\u00e1lise entre a nossa equipe e a do Instituto Brasileiro do Meio Ambiente e dos Recursos Naturais Renov\u00e1veis (Ibama), que \u00e9 respons\u00e1vel pela devolu\u00e7\u00e3o \u00e0 natureza, dependendo da situa\u00e7\u00e3o do animal. Se a esp\u00e9cie n\u00e3o estiver bem ou n\u00e3o conseguir se alimentar sozinha, pode ficar no zoo\u201d, detalhou.<\/p>\n<p><strong>P\u00fablico encantado<\/strong><br \/>\nFazendo sucesso entre brasilienses e turistas, as tr\u00eas on\u00e7as-pardas atraem diversos elogios, seja pelo tamanho, seja pela eleg\u00e2ncia da esp\u00e9cie, que pode medir entre 1,6 e 2,75 metros e pesar at\u00e9 100 kg. A professora Valqu\u00edria Guimar\u00e3es, 47, mora em Palmas (TO) e contou que n\u00e3o h\u00e1 um zool\u00f3gico na cidade, apesar dos diversos jardins que fazem parte da regi\u00e3o. Ela comemorou o fato de poder levar o filho pequeno para conhecer as on\u00e7as. \u201cFicamos muito encantados e felizes em saber que tivemos a sorte de vir bem na data em que elas retornaram\u201d, acentuou.<\/p>\n<p>A professora Marise de Almeida Pantel, 61, foi ao Zool\u00f3gico com a fam\u00edlia toda, incluindo alguns parentes que vieram do Rio de Janeiro para visitar a capital. \u201cTrouxe meu netinho, que estava louco para ver os bichinhos daqui, e vimos as on\u00e7as-pardas. As crian\u00e7as adoram e sabemos que esses animais s\u00e3o super bem cuidados aqui. O Zool\u00f3gico de Bras\u00edlia \u00e9 muito bom, acho maravilhoso\u201d, frisou.<\/p>\n<p>Tamb\u00e9m parte da fam\u00edlia Pantel, as estudantes Marina, 23, e Maria Eduarda, 23, s\u00e3o primas e moram no Rio de Janeiro. Elas destacaram o quanto gostaram do passeio ao zoo. \u201cComo temos um primo pequeno, quer\u00edamos apresentar os animais para ele e foi super interessante com as novas esp\u00e9cies. E saber dessa parte do resgate, que estamos vendo animais que est\u00e3o sendo bem cuidados e antes talvez n\u00e3o estivessem em boas condi\u00e7\u00f5es, \u00e9 muito bom\u201d, ressaltou Marina. Maria Eduarda observou que nunca viu uma on\u00e7a-parda, nem no Zool\u00f3gico do Rio de Janeiro. \u201c\u00c9 bem legal estar aqui e ver animais de outras partes do Brasil com os quais a gente n\u00e3o tem contato\u201d, afirmou.<\/p>\n<p>H\u00e1 tamb\u00e9m quem tenha vindo de outro pa\u00eds e se encantado com os animais do Zool\u00f3gico de Bras\u00edlia. O aposentado alem\u00e3o Klaus Gressbach, 73, veio visitar um amigo e aproveitou o tempo livre com a esposa para o passeio. \u201cFizemos uma tour pela cidade e agora viemos ao zool\u00f3gico. Eu acho esses animais muito bonitos e creio que est\u00e3o em boas m\u00e3os aqui, v\u00e3o viver uma vida boa\u201d, comentou.<\/p>\n<p><strong>Curiosidades<\/strong><br \/>\nA on\u00e7a-parda, ou puma, tamb\u00e9m conhecida no Brasil por su\u00e7uarana e le\u00e3o-baio, \u00e9 um mam\u00edfero carn\u00edvoro da fam\u00edlia dos fel\u00eddeos e do g\u00eanero Puma, nativo das Am\u00e9ricas. Podem ser encontradas na natureza desde o Canad\u00e1 at\u00e9 a regi\u00e3o meridional da Cordilheira dos Andes, o que faz deste animal um dos mam\u00edferos ocidentais vivos com a \u00e1rea de distribui\u00e7\u00e3o mais extensa.<\/p>\n<p>\u00c9 um felino de m\u00e9dio porte e os machos s\u00e3o maiores do que as f\u00eameas. Os filhotes nascem com pintas escuras, que v\u00e3o praticamente desaparecendo \u00e0 medida que crescem, sendo substitu\u00eddas por uma pelagem parda no dorso e esbranqui\u00e7ada com pintas amarronzadas no ventre. As on\u00e7as-pardas habitam uma grande variedade de ambientes, desde florestas tropicais densas, savanas (como o Cerrado), regi\u00f5es semides\u00e9rticas, montanhas e at\u00e9 florestas de con\u00edferas. No entanto, desapareceram ou tiveram sua popula\u00e7\u00e3o drasticamente reduzida em v\u00e1rias \u00e1reas.<\/p>\n<p>De acordo com a educadora ambiental do Zool\u00f3gico de Bras\u00edlia, Tamires Carvalho, h\u00e1 uma import\u00e2ncia n\u00e3o apenas em preservar as esp\u00e9cies no equipamento p\u00fablico, mas tamb\u00e9m em levar conhecimento a quem frequenta o zoo e tem um contato mais pr\u00f3ximo com as esp\u00e9cies amea\u00e7adas. \u201cMuita gente n\u00e3o conhece a hist\u00f3ria dos animais e acaba falando coisas erradas; ent\u00e3o, informamos como eles chegaram e o que est\u00e3o fazendo aqui, al\u00e9m da import\u00e2ncia desse trabalho de preserva\u00e7\u00e3o\u201d, observou.<\/p>\n","protected":false},"excerpt":{"rendered":"<p>Para quem nunca viu de perto uma on\u00e7a-parda, o segundo maior felino das Am\u00e9ricas, a oportunidade retorna ap\u00f3s dois anos, na capital federal. Tr\u00eas felinos resgatados entre 2012 e 2014 est\u00e3o em exposi\u00e7\u00e3o no Zool\u00f3gico de Bras\u00edlia desde outubro: o macho Fred e as duas f\u00eameas Cristal e Nala. Os animais ficaram sob os cuidados [&hellip;]<\/p>\n","protected":false},"author":2,"featured_media":341473,"comment_status":"closed","ping_status":"closed","sticky":false,"template":"","format":"standard","meta":{"_acf_changed":false,"footnotes":""},"categories":[161],"tags":[],"class_list":["post-341472","post","type-post","status-publish","format-standard","has-post-thumbnail","hentry","category-quadradinho-em-foco"],"acf":[],"_links":{"self":[{"href":"https:\/\/www.notibras.com\/site\/wp-json\/wp\/v2\/posts\/341472","targetHints":{"allow":["GET"]}}],"collection":[{"href":"https:\/\/www.notibras.com\/site\/wp-json\/wp\/v2\/posts"}],"about":[{"href":"https:\/\/www.notibras.com\/site\/wp-json\/wp\/v2\/types\/post"}],"author":[{"embeddable":true,"href":"https:\/\/www.notibras.com\/site\/wp-json\/wp\/v2\/users\/2"}],"replies":[{"embeddable":true,"href":"https:\/\/www.notibras.com\/site\/wp-json\/wp\/v2\/comments?post=341472"}],"version-history":[{"count":1,"href":"https:\/\/www.notibras.com\/site\/wp-json\/wp\/v2\/posts\/341472\/revisions"}],"predecessor-version":[{"id":341474,"href":"https:\/\/www.notibras.com\/site\/wp-json\/wp\/v2\/posts\/341472\/revisions\/341474"}],"wp:featuredmedia":[{"embeddable":true,"href":"https:\/\/www.notibras.com\/site\/wp-json\/wp\/v2\/media\/341473"}],"wp:attachment":[{"href":"https:\/\/www.notibras.com\/site\/wp-json\/wp\/v2\/media?parent=341472"}],"wp:term":[{"taxonomy":"category","embeddable":true,"href":"https:\/\/www.notibras.com\/site\/wp-json\/wp\/v2\/categories?post=341472"},{"taxonomy":"post_tag","embeddable":true,"href":"https:\/\/www.notibras.com\/site\/wp-json\/wp\/v2\/tags?post=341472"}],"curies":[{"name":"wp","href":"https:\/\/api.w.org\/{rel}","templated":true}]}}