{"id":341478,"date":"2024-11-21T00:00:26","date_gmt":"2024-11-21T03:00:26","guid":{"rendered":"https:\/\/www.notibras.com\/site\/?p=341478"},"modified":"2024-11-21T08:23:38","modified_gmt":"2024-11-21T11:23:38","slug":"galeria-dos-estados-celebra-afroempreendedorismo-em-acao","status":"publish","type":"post","link":"https:\/\/www.notibras.com\/site\/galeria-dos-estados-celebra-afroempreendedorismo-em-acao\/","title":{"rendered":"Galeria dos Estados celebra afroempreendedorismo em a\u00e7\u00e3o"},"content":{"rendered":"<p>At\u00e9 sexta, 22, quem atravessar a Galeria dos Estados pelas passagens subterr\u00e2neas que conectam o Setor Comercial Sul (SCS) ao Setor Banc\u00e1rio Sul (SBS) poder\u00e1 conferir produtos e trabalhos de afroempreendedores da capital. A iniciativa integra a programa\u00e7\u00e3o do Governo do Distrito Federal (GDF) para o M\u00eas da Consci\u00eancia Negra e conta com a participa\u00e7\u00e3o de oito expositoras que se revezam no Espa\u00e7o Cidadania Criativa. No local, est\u00e3o dispon\u00edveis produtos artesanais, vestu\u00e1rio, cal\u00e7ados e artigos com tem\u00e1ticas afrodescendentes, al\u00e9m de pe\u00e7as n\u00e3o tem\u00e1ticas.<\/p>\n<p>Promovida pela Subsecretaria de Pol\u00edticas de Direitos Humanos e de Igualdade Racial (Subdhir), da Secretaria de Justi\u00e7a e Cidadania (Sejus-DF), a a\u00e7\u00e3o busca defender os direitos humanos, promover a igualdade racial e apoiar mulheres empreendedoras.<\/p>\n<p>\u201cEssa \u00e9 mais uma iniciativa da Sejus em apoio \u00e0s mulheres para que cada vez mais elas estejam \u00e0 frente de neg\u00f3cios e da economia. Desenvolvemos projetos para fomentar e divulgar o trabalho de empreendedoras afrodescendentes. \u00c9 dar espa\u00e7o para compartilhar experi\u00eancias, desafios e hist\u00f3rias de supera\u00e7\u00e3o\u201d, afirma a secret\u00e1ria de Justi\u00e7a e Cidadania, Marcela Passamani.<\/p>\n<p><strong>Afroempreendedorismo e impacto social<\/strong> &#8211;\u00a0A empreendedora Joice Marques, 36, \u00e9 uma das participantes da a\u00e7\u00e3o e trouxe roupas do brech\u00f3 Casa Akotirene, iniciativa que tamb\u00e9m apoia um projeto social voltado para mulheres negras em Ceil\u00e2ndia. \u201cEssa \u00e9 uma oportunidade para que mais pessoas conhe\u00e7am nosso trabalho e apoie nossos projetos\u201d, celebra Joice. Para ela, o espa\u00e7o vai al\u00e9m da venda: \u201c\u00c9 importante pensarmos em como essas a\u00e7\u00f5es podem ter continuidade e em como podemos ocupar esses espa\u00e7os de forma permanente.\u201d<\/p>\n<p>Com seis anos de experi\u00eancia no empreendedorismo, Joice tamb\u00e9m destaca a colabora\u00e7\u00e3o entre as artes\u00e3s. \u201cN\u00f3s fazemos um revezamento ao longo da semana e vendemos produtos umas das outras, promovendo a parceria e o fortalecimento coletivo\u201d, explica.<\/p>\n<p>A iniciativa chamou a aten\u00e7\u00e3o da agente administrativa Meire Ribeiro, 41, que trabalha pr\u00f3ximo \u00e0 Galeria dos Estados. Durante uma pausa, ela encontrou uma boneca de pano negra e decidiu presentear a filha. \u201cAchei maravilhoso ter esse espa\u00e7o aqui. Produtos com representatividade ajudam na autoestima e seguran\u00e7a da crian\u00e7a, al\u00e9m de apoiar o empreendedor local\u201d, afirmou.<\/p>\n<p><strong>Inclus\u00e3o e representatividade<\/strong> &#8211; O Espa\u00e7o Cidadania Criativa foi especialmente decorado para o evento, com destaque para uma obra em papel mach\u00ea da artista pl\u00e1stica Edinar Valeriano Gomes. Segundo Roze Mendes, supervisora da Galeria dos Estados, o local \u00e9 pensado para acolher e capacitar os empreendedores. \u201cO espa\u00e7o \u00e9 delas, e tudo aqui dentro \u00e9 preparado para impulsionar as vendas. Al\u00e9m disso, elas aprendem a cuidar da loja e a trabalhar em equipe\u201d, conta.<\/p>\n<p>Para Mendes, oferecer um ponto fixo para projetos de empreendedorismo \u00e9 um passo importante para a inclus\u00e3o. \u201cO artesanato precisa de venda di\u00e1ria, e iniciativas como essa garantem a presen\u00e7a em um espa\u00e7o estruturado, fortalecendo os neg\u00f3cios.\u201d<\/p>\n<p><strong>Consci\u00eancia negra todos os dias &#8211; <\/strong>\u201cO Dia da Consci\u00eancia Negra n\u00e3o \u00e9 um dia que n\u00f3s celebramos, \u00e9 o dia que n\u00f3s utilizamos para al\u00e9m de rememorar, falar da import\u00e2ncia de n\u00f3s, independente da cor da pele, lutarmos pela igualdade racial e contra o racismo e qualquer tipo de discrimina\u00e7\u00e3o\u201d, afirma o subsecret\u00e1rio de Pol\u00edticas de Direitos Humanos e de Igualdade Racial, Juvenal Ara\u00fajo.<\/p>\n<p>Al\u00e9m de promover o empreendedorismo, a Sejus-DF refor\u00e7a o combate ao racismo e o est\u00edmulo ao letramento racial. A programa\u00e7\u00e3o de novembro inclui palestras em \u00f3rg\u00e3os p\u00fablicos e atividades como a exposi\u00e7\u00e3o de afroempreendedores na Galeria dos Estados, Torre de TV e Anexo do Buriti. \u201cEstamos trabalhando no fortalecimento dos empreendedores, capacitando-os para buscar microcr\u00e9ditos, melhorar a qualidade dos produtos e expandir seus neg\u00f3cios\u201d, conclui Ara\u00fajo.<\/p>\n","protected":false},"excerpt":{"rendered":"<p>At\u00e9 sexta, 22, quem atravessar a Galeria dos Estados pelas passagens subterr\u00e2neas que conectam o Setor Comercial Sul (SCS) ao Setor Banc\u00e1rio Sul (SBS) poder\u00e1 conferir produtos e trabalhos de afroempreendedores da capital. A iniciativa integra a programa\u00e7\u00e3o do Governo do Distrito Federal (GDF) para o M\u00eas da Consci\u00eancia Negra e conta com a participa\u00e7\u00e3o [&hellip;]<\/p>\n","protected":false},"author":2,"featured_media":341479,"comment_status":"closed","ping_status":"closed","sticky":false,"template":"","format":"standard","meta":{"_acf_changed":false,"footnotes":""},"categories":[161],"tags":[],"class_list":["post-341478","post","type-post","status-publish","format-standard","has-post-thumbnail","hentry","category-quadradinho-em-foco"],"acf":[],"_links":{"self":[{"href":"https:\/\/www.notibras.com\/site\/wp-json\/wp\/v2\/posts\/341478","targetHints":{"allow":["GET"]}}],"collection":[{"href":"https:\/\/www.notibras.com\/site\/wp-json\/wp\/v2\/posts"}],"about":[{"href":"https:\/\/www.notibras.com\/site\/wp-json\/wp\/v2\/types\/post"}],"author":[{"embeddable":true,"href":"https:\/\/www.notibras.com\/site\/wp-json\/wp\/v2\/users\/2"}],"replies":[{"embeddable":true,"href":"https:\/\/www.notibras.com\/site\/wp-json\/wp\/v2\/comments?post=341478"}],"version-history":[{"count":1,"href":"https:\/\/www.notibras.com\/site\/wp-json\/wp\/v2\/posts\/341478\/revisions"}],"predecessor-version":[{"id":341480,"href":"https:\/\/www.notibras.com\/site\/wp-json\/wp\/v2\/posts\/341478\/revisions\/341480"}],"wp:featuredmedia":[{"embeddable":true,"href":"https:\/\/www.notibras.com\/site\/wp-json\/wp\/v2\/media\/341479"}],"wp:attachment":[{"href":"https:\/\/www.notibras.com\/site\/wp-json\/wp\/v2\/media?parent=341478"}],"wp:term":[{"taxonomy":"category","embeddable":true,"href":"https:\/\/www.notibras.com\/site\/wp-json\/wp\/v2\/categories?post=341478"},{"taxonomy":"post_tag","embeddable":true,"href":"https:\/\/www.notibras.com\/site\/wp-json\/wp\/v2\/tags?post=341478"}],"curies":[{"name":"wp","href":"https:\/\/api.w.org\/{rel}","templated":true}]}}