{"id":341538,"date":"2024-11-22T09:03:18","date_gmt":"2024-11-22T12:03:18","guid":{"rendered":"https:\/\/www.notibras.com\/site\/?p=341538"},"modified":"2024-11-22T09:03:18","modified_gmt":"2024-11-22T12:03:18","slug":"lia-sera-secretaria-de-turismo-para-recolocar-a-ciranda-na-cultura-de-pernambuco","status":"publish","type":"post","link":"https:\/\/www.notibras.com\/site\/lia-sera-secretaria-de-turismo-para-recolocar-a-ciranda-na-cultura-de-pernambuco\/","title":{"rendered":"Lia ser\u00e1 secret\u00e1ria de Turismo para recolocar a ciranda na cultura de Pernambuco"},"content":{"rendered":"<p>Maria Madalena Correa do Nascimento, a cirandeira Lia de Itamarac\u00e1, vai ocupar um cargo que lhe possibilitar\u00e1 dar nova vida e protagonismo \u00e0 ciranda, a dan\u00e7a de roda t\u00edpica de Pernambuco e da Para\u00edba que por mais de meio s\u00e9culo ela espalhou em todo o Brasil e ainda tornou conhecida em muitos pa\u00edses pelo mundo afora.<\/p>\n<p>O prefeito eleito da Ilha de Itamarac\u00e1, Paulo Galv\u00e3o (PSDB), escolheu a \u00faltima quarta-feira, Dia Nacional da Consci\u00eancia Negra, para anunciar que Lia ser\u00e1 a partir de janeiro a titular da estrat\u00e9gica Secretaria de Turismo do Munic\u00edpio com o objetivo de &#8220;recolocar Itamarac\u00e1 num espa\u00e7o de respeito e relev\u00e2ncia como nunca foi visto antes&#8221;.<\/p>\n<p>Lia abra\u00e7ou de pronto seu primeiro cargo p\u00fablico em mais de 50 anos de carreira em prol da cultura pernambucana: &#8220;Estou muito feliz. Meu papel ser\u00e1 parecido com algo que eu j\u00e1 fa\u00e7o, que \u00e9 levar o nome de Itamarac\u00e1 para o Brasil e para o mundo. Quero abrir portas para trazer investimentos para a ilha que carrego no meu nome&#8221;.<\/p>\n<p>Ela nasceu h\u00e1 80 janeiros, preta e pobre, e como a maioria dos brasileiros e brasileiras de pele escura tinha tudo para n\u00e3o dar certo nesse Brasil de uma tal &#8220;democracia racial&#8221; estimulada pela elite branca no in\u00edcio do s\u00e9culo passado, para negar a exist\u00eancia de racismo na sociedade brasileira, simulando uma boa conviv\u00eancia entre os escravos e seus senhores.<\/p>\n<p>A escolha de Lia pelo prefeito eleito da Ilha de Itamarac\u00e1 para ocupar t\u00e3o importante cargo em sua futura administra\u00e7\u00e3o &#8211; e da data para anunciar, o primeiro feriado em da Consci\u00eancia Negra em Pernambuco, um dos estados mais racistas do pa\u00eds, segundo o IBGE &#8211; deixa claro que Paulo Galv\u00e3o exercer\u00e1 seu mandato de forma distinta que tem caracterizado as administra\u00e7\u00f5es locais, sem a presen\u00e7a de pretos.<\/p>\n<p>Apesar do seu reconhecimento nacional e internacional, com a realiza\u00e7\u00e3o de diversos shows levando a m\u00fasica, a dan\u00e7a e a cultura pernambucana, Lia de Itamarac\u00e1 nem sempre teve o seu trabalho reconhecido pelos governos do PSB de Pernambuco, no poder durante 20 anos, que por diversas vezes privilegiou artistas de fora em detrimento de artistas locais.<\/p>\n<p>No carnaval de 2020, por exemplo, o governo de Paulo C\u00e2mara negou \u00e0 artista um reajuste do cach\u00ea que lhe pagava havia 12 anos pelo mesmo valor, de R$ 18 mil por diversos shows no per\u00edodo momesco. Como o governo do estado n\u00e3o chegou aos R$ 25 mil que Lia pediu, naquele ano o carnaval n\u00e3o contou com a participa\u00e7\u00e3o da cirandeira, que levou sua arte para Natal e S\u00e3o Paulo, das quais recebeu R$ 29 mil e R$ 70 mil por duas apresenta\u00e7\u00f5es, respectivamente.<\/p>\n<p>&#8220;N\u00e3o querem privilegiar Lia, n\u00f3s n\u00e3o aceitamos. Queriam ter Lia, mas queriam continuar com o mesmo cach\u00ea que pagam para ela h\u00e1 anos. Ficou invi\u00e1vel para a gente trabalhar dessa forma&#8221;, protestou na ocasi\u00e3o o produtor e empres\u00e1rio da artista, Beto Hess.<\/p>\n<p>&#8220;Esse cach\u00ea n\u00e3o est\u00e1 dando. Para os de fora do estado, eles [o governo estadual] d\u00e3o um cach\u00ea t\u00e3o grande, mas para os da terra, os nativos, \u00e9 desse jeito. Deviam apoiar a cultura de Pernambuco, os cantores da cultura popular tamb\u00e9m precisam ser valorizados e ter dignidade para trabalhar&#8221;, acrescentou Lia.<\/p>\n<p>Em seus 50 anos de carreira, Lia de Itamarac\u00e1 solidificou sua condi\u00e7\u00e3o de \u00edcone da cultura pernambucana, elevando a ciranda a patamares jamais alcan\u00e7ados. Cantora desde os 12 anos, ela s\u00f3 encontraria a ciranda j\u00e1 adulta ao frequentar rodas da dan\u00e7a na praia do Janga, no munic\u00edpio de Paulista, pr\u00f3ximo a Itamarac\u00e1.<\/p>\n<p>Seu trabalho fez a ciranda alcan\u00e7ar visibilidade nos meios de comunica\u00e7\u00e3o, com apoio de intelectuais ligados ao Movimento de Cultura Popular e do Movimento Armorial. Lia assume a partir da\u00ed, nos anos 1970, a condi\u00e7\u00e3o de agitadora cultural da Ilha de Itamarac\u00e1, participa de concursos para fomentar o turismo na ilha at\u00e9 vencer, em 1974, o Festival de Cirandas, realizado no Recife.<\/p>\n<p>&#8230;&#8230;&#8230;&#8230;&#8230;<\/p>\n<p><strong>*Com informa\u00e7\u00f5es do Jornal do Comm\u00e9rcio e Di\u00e1rio de Pernambuco<\/strong><\/p>\n","protected":false},"excerpt":{"rendered":"<p>Maria Madalena Correa do Nascimento, a cirandeira Lia de Itamarac\u00e1, vai ocupar um cargo que lhe possibilitar\u00e1 dar nova vida e protagonismo \u00e0 ciranda, a dan\u00e7a de roda t\u00edpica de Pernambuco e da Para\u00edba que por mais de meio s\u00e9culo ela espalhou em todo o Brasil e ainda tornou conhecida em muitos pa\u00edses pelo mundo [&hellip;]<\/p>\n","protected":false},"author":2,"featured_media":341539,"comment_status":"closed","ping_status":"closed","sticky":false,"template":"","format":"standard","meta":{"_acf_changed":false,"footnotes":""},"categories":[165],"tags":[],"class_list":["post-341538","post","type-post","status-publish","format-standard","has-post-thumbnail","hentry","category-nordeste"],"acf":[],"_links":{"self":[{"href":"https:\/\/www.notibras.com\/site\/wp-json\/wp\/v2\/posts\/341538","targetHints":{"allow":["GET"]}}],"collection":[{"href":"https:\/\/www.notibras.com\/site\/wp-json\/wp\/v2\/posts"}],"about":[{"href":"https:\/\/www.notibras.com\/site\/wp-json\/wp\/v2\/types\/post"}],"author":[{"embeddable":true,"href":"https:\/\/www.notibras.com\/site\/wp-json\/wp\/v2\/users\/2"}],"replies":[{"embeddable":true,"href":"https:\/\/www.notibras.com\/site\/wp-json\/wp\/v2\/comments?post=341538"}],"version-history":[{"count":1,"href":"https:\/\/www.notibras.com\/site\/wp-json\/wp\/v2\/posts\/341538\/revisions"}],"predecessor-version":[{"id":341540,"href":"https:\/\/www.notibras.com\/site\/wp-json\/wp\/v2\/posts\/341538\/revisions\/341540"}],"wp:featuredmedia":[{"embeddable":true,"href":"https:\/\/www.notibras.com\/site\/wp-json\/wp\/v2\/media\/341539"}],"wp:attachment":[{"href":"https:\/\/www.notibras.com\/site\/wp-json\/wp\/v2\/media?parent=341538"}],"wp:term":[{"taxonomy":"category","embeddable":true,"href":"https:\/\/www.notibras.com\/site\/wp-json\/wp\/v2\/categories?post=341538"},{"taxonomy":"post_tag","embeddable":true,"href":"https:\/\/www.notibras.com\/site\/wp-json\/wp\/v2\/tags?post=341538"}],"curies":[{"name":"wp","href":"https:\/\/api.w.org\/{rel}","templated":true}]}}