{"id":341550,"date":"2024-11-22T00:19:14","date_gmt":"2024-11-22T03:19:14","guid":{"rendered":"https:\/\/www.notibras.com\/site\/?p=341550"},"modified":"2024-11-22T10:20:52","modified_gmt":"2024-11-22T13:20:52","slug":"caixa-volta-a-oferecer-credito-pcd-com-desconto-nos-juro","status":"publish","type":"post","link":"https:\/\/www.notibras.com\/site\/caixa-volta-a-oferecer-credito-pcd-com-desconto-nos-juro\/","title":{"rendered":"Caixa volta a oferecer Cr\u00e9dito PcD com desconto nos juro"},"content":{"rendered":"<p>A Caixa Econ\u00f4mica Federal voltou a oferecer a linha cr\u00e9dito PcD, com desconto nos juros, para clientes com renda mensal abaixo de dez sal\u00e1rios m\u00ednimos. O desconto oferecido aos clientes \u00e9 pago pelo governo federal.<\/p>\n<p>O Cr\u00e9dito PcD Caixa \u00e9 uma linha de financiamento destinada \u00e0 pessoas com defici\u00eancia para a compra de produtos como cadeira de rodas, elevador domiciliar, pr\u00f3teses, \u00f3rteses, \u00f3culos com lentes filtrantes. Tamb\u00e9m s\u00e3o financiados servi\u00e7os como adapta\u00e7\u00e3o veicular e residencial, entre outros.<\/p>\n<p>S\u00e3o duas as modalidades que contam com desconto nos juros: a Modalidade 1, para clientes com renda mensal acima de cinco sal\u00e1rios-m\u00ednimos e abaixo de dez sal\u00e1rios-m\u00ednimos, com taxa de juro de 7,5% ao ano; e a Modalidade 2, para clientes com renda mensal de at\u00e9 cinco sal\u00e1rios-m\u00ednimos, com taxa de 6% ao ano.<\/p>\n<p>H\u00e1 ainda a Modalidade 3, que n\u00e3o oferece desconto nos juros, para clientes que n\u00e3o se enquadram nos limites de renda. A taxa \u00e9 a partir de 1,69% ao m\u00eas.<\/p>\n<p>O pagamento \u00e9 parcelado em at\u00e9 60 meses e a presta\u00e7\u00e3o \u00e9 debitada em uma conta da Caixa. Para contratar o cr\u00e9dito, os interessados devem comparecer a uma ag\u00eancia do banco com o documento de identidade, CPF, comprovante de endere\u00e7o atualizado, comprovante de renda e recomenda\u00e7\u00e3o de profissional da sa\u00fade (laudo m\u00e9dico, prescri\u00e7\u00e3o m\u00e9dica ou receitu\u00e1rio) com a identifica\u00e7\u00e3o dos itens a serem financiados.<\/p>\n","protected":false},"excerpt":{"rendered":"<p>A Caixa Econ\u00f4mica Federal voltou a oferecer a linha cr\u00e9dito PcD, com desconto nos juros, para clientes com renda mensal abaixo de dez sal\u00e1rios m\u00ednimos. O desconto oferecido aos clientes \u00e9 pago pelo governo federal. O Cr\u00e9dito PcD Caixa \u00e9 uma linha de financiamento destinada \u00e0 pessoas com defici\u00eancia para a compra de produtos como [&hellip;]<\/p>\n","protected":false},"author":2,"featured_media":341551,"comment_status":"closed","ping_status":"closed","sticky":false,"template":"","format":"standard","meta":{"_acf_changed":false,"footnotes":""},"categories":[161],"tags":[],"class_list":["post-341550","post","type-post","status-publish","format-standard","has-post-thumbnail","hentry","category-quadradinho-em-foco"],"acf":[],"_links":{"self":[{"href":"https:\/\/www.notibras.com\/site\/wp-json\/wp\/v2\/posts\/341550","targetHints":{"allow":["GET"]}}],"collection":[{"href":"https:\/\/www.notibras.com\/site\/wp-json\/wp\/v2\/posts"}],"about":[{"href":"https:\/\/www.notibras.com\/site\/wp-json\/wp\/v2\/types\/post"}],"author":[{"embeddable":true,"href":"https:\/\/www.notibras.com\/site\/wp-json\/wp\/v2\/users\/2"}],"replies":[{"embeddable":true,"href":"https:\/\/www.notibras.com\/site\/wp-json\/wp\/v2\/comments?post=341550"}],"version-history":[{"count":1,"href":"https:\/\/www.notibras.com\/site\/wp-json\/wp\/v2\/posts\/341550\/revisions"}],"predecessor-version":[{"id":341552,"href":"https:\/\/www.notibras.com\/site\/wp-json\/wp\/v2\/posts\/341550\/revisions\/341552"}],"wp:featuredmedia":[{"embeddable":true,"href":"https:\/\/www.notibras.com\/site\/wp-json\/wp\/v2\/media\/341551"}],"wp:attachment":[{"href":"https:\/\/www.notibras.com\/site\/wp-json\/wp\/v2\/media?parent=341550"}],"wp:term":[{"taxonomy":"category","embeddable":true,"href":"https:\/\/www.notibras.com\/site\/wp-json\/wp\/v2\/categories?post=341550"},{"taxonomy":"post_tag","embeddable":true,"href":"https:\/\/www.notibras.com\/site\/wp-json\/wp\/v2\/tags?post=341550"}],"curies":[{"name":"wp","href":"https:\/\/api.w.org\/{rel}","templated":true}]}}